{"id":16991,"date":"2026-09-04T15:28:30","date_gmt":"2026-09-04T18:28:30","guid":{"rendered":"https:\/\/www.jpasini.com.br\/site\/o-futuro-da-minha-cidade-cbic-promove-evento-sobre-sustentabilidade-inovacao-e-novos-metodos-construtivos-em-fortaleza\/"},"modified":"2026-09-04T15:28:30","modified_gmt":"2026-09-04T18:28:30","slug":"o-futuro-da-minha-cidade-cbic-promove-evento-sobre-sustentabilidade-inovacao-e-novos-metodos-construtivos-em-fortaleza","status":"publish","type":"post","link":"https:\/\/www.jpasini.com.br\/site\/o-futuro-da-minha-cidade-cbic-promove-evento-sobre-sustentabilidade-inovacao-e-novos-metodos-construtivos-em-fortaleza\/","title":{"rendered":"O Futuro da Minha Cidade: CBIC promove evento sobre sustentabilidade, inova\u00e7\u00e3o e novos m\u00e9todos construtivos em Fortaleza\u00a0"},"content":{"rendered":"<p><img decoding=\"async\" src=\"https:\/\/cbic.org.br\/wp-content\/uploads\/2026\/09\/futuro-da-minha-cidade-cmawide-scaled.png\" class=\"attachment-post-thumbnail size-post-thumbnail wp-post-image\" alt=\"\" \/><\/p>\n<p><span data-contrast=\"auto\">Como a sustentabilidade, a inova\u00e7\u00e3o e os novos m\u00e9todos construtivos podem contribuir para transformar as cidades? Esse ser\u00e1 o ponto de partida do workshop \u201cConstru\u00e7\u00e3o do Amanh\u00e3: Sustentabilidade, Inova\u00e7\u00e3o e Novos M\u00e9todos Construtivos \u2013 O Futuro da Minha Cidade\u201d, em Fortaleza, promovido pela C\u00e2mara Brasileira da Ind\u00fastria da Constru\u00e7\u00e3o (CBIC), por meio de sua Comiss\u00e3o de Meio Ambiente e Sustentabilidade (CMA).<\/span><span data-ccp-props=\"{&quot;335551550&quot;:6,&quot;335551620&quot;:6}\">\u00a0<\/span><\/p>\n<p>O evento ser\u00e1 realizado no dia 21 de setembro de 2026, das 13h30 \u00e0s 18h, no Audit\u00f3rio Wadyr Diogo, na FIEC, em Fortaleza. A iniciativa conta com a participa\u00e7\u00e3o do Sinduscon-CE e do SESI.<\/p>\n<p><span data-contrast=\"auto\">A programa\u00e7\u00e3o prop\u00f5e um debate sobre os caminhos para uma constru\u00e7\u00e3o mais sustent\u00e1vel e inovadora, abordando novos conceitos, tecnologias e m\u00e9todos construtivos que podem contribuir para o desenvolvimento das cidades e para a transforma\u00e7\u00e3o do setor da constru\u00e7\u00e3o.<\/span><span data-ccp-props=\"{&quot;335551550&quot;:6,&quot;335551620&quot;:6}\">\u00a0<\/span><\/p>\n<p><span data-contrast=\"auto\">O tema tem interface com o projeto &#8220;O Futuro da Minha Cidade&#8221;, da Comiss\u00e3o de Meio Ambiente e Sustentabilidade (CMA) da CBIC, em parceria com o Servi\u00e7o Social da Ind\u00fastria (Sesi).<\/span><span data-ccp-props=\"{&quot;335551550&quot;:6,&quot;335551620&quot;:6}\">\u00a0<\/span><\/p>\n<p><a href=\"https:\/\/docs.google.com\/forms\/d\/e\/1FAIpQLSd6g4pbfkV_XYT5gmEdtBh78LUADoiMV8ZNrtmI6qXF-0TQWg\/viewform\"><span data-contrast=\"none\">Inscreva-se e participe!<\/span><\/a><span data-ccp-props=\"{&quot;335551550&quot;:6,&quot;335551620&quot;:6}\">\u00a0<\/span><\/p>\n<p>The post <a href=\"https:\/\/cbic.org.br\/o-futuro-da-minha-cidade-cbic-promove-evento-sobre-sustentabilidade-inovacao-e-novos-metodos-construtivos-em-fortaleza\/\">O Futuro da Minha Cidade: CBIC promove evento sobre sustentabilidade, inova\u00e7\u00e3o e novos m\u00e9todos construtivos em Fortaleza\u00a0<\/a> appeared first on <a href=\"https:\/\/cbic.org.br\/\">CBIC \u2013 C\u00e2mara Brasileira da Industria da Constru\u00e7\u00e3o<\/a>.<\/p>","protected":false},"excerpt":{"rendered":"<p>Como a sustentabilidade, a inova\u00e7\u00e3o e os novos m\u00e9todos construtivos podem contribuir para transformar as cidades? Esse ser\u00e1 o ponto de partida do workshop \u201cConstru\u00e7\u00e3o do Amanh\u00e3: Sustentabilidade, Inova\u00e7\u00e3o e Novos M\u00e9todos Construtivos \u2013 O Futuro da Minha Cidade\u201d, em Fortaleza, promovido pela C\u00e2mara Brasileira&#8230;<\/p>\n","protected":false},"author":2,"featured_media":16992,"comment_status":"open","ping_status":"open","sticky":false,"template":"","format":"standard","meta":{"footnotes":""},"categories":[70],"tags":[],"class_list":["post-16991","post","type-post","status-publish","format-standard","has-post-thumbnail","hentry","category-mercado-imobiliario"],"_links":{"self":[{"href":"https:\/\/www.jpasini.com.br\/site\/wp-json\/wp\/v2\/posts\/16991","targetHints":{"allow":["GET"]}}],"collection":[{"href":"https:\/\/www.jpasini.com.br\/site\/wp-json\/wp\/v2\/posts"}],"about":[{"href":"https:\/\/www.jpasini.com.br\/site\/wp-json\/wp\/v2\/types\/post"}],"author":[{"embeddable":true,"href":"https:\/\/www.jpasini.com.br\/site\/wp-json\/wp\/v2\/users\/2"}],"replies":[{"embeddable":true,"href":"https:\/\/www.jpasini.com.br\/site\/wp-json\/wp\/v2\/comments?post=16991"}],"version-history":[{"count":0,"href":"https:\/\/www.jpasini.com.br\/site\/wp-json\/wp\/v2\/posts\/16991\/revisions"}],"wp:featuredmedia":[{"embeddable":true,"href":"https:\/\/www.jpasini.com.br\/site\/wp-json\/wp\/v2\/media\/16992"}],"wp:attachment":[{"href":"https:\/\/www.jpasini.com.br\/site\/wp-json\/wp\/v2\/media?parent=16991"}],"wp:term":[{"taxonomy":"category","embeddable":true,"href":"https:\/\/www.jpasini.com.br\/site\/wp-json\/wp\/v2\/categories?post=16991"},{"taxonomy":"post_tag","embeddable":true,"href":"https:\/\/www.jpasini.com.br\/site\/wp-json\/wp\/v2\/tags?post=16991"}],"curies":[{"name":"wp","href":"https:\/\/api.w.org\/{rel}","templated":true}]}}