{"id":16989,"date":"2026-09-04T15:55:29","date_gmt":"2026-09-04T18:55:29","guid":{"rendered":"https:\/\/www.jpasini.com.br\/site\/presidente-da-cbic-se-reune-com-ministro-das-cidades-para-tratar-da-agenda-habitacional\/"},"modified":"2026-09-04T15:55:29","modified_gmt":"2026-09-04T18:55:29","slug":"presidente-da-cbic-se-reune-com-ministro-das-cidades-para-tratar-da-agenda-habitacional","status":"publish","type":"post","link":"https:\/\/www.jpasini.com.br\/site\/presidente-da-cbic-se-reune-com-ministro-das-cidades-para-tratar-da-agenda-habitacional\/","title":{"rendered":"Presidente da CBIC se re\u00fane com ministro das Cidades para tratar da agenda habitacional"},"content":{"rendered":"<p><img decoding=\"async\" src=\"https:\/\/cbic.org.br\/wp-content\/uploads\/2026\/09\/chatgpt-image-4-de-set-de-2026-155036.png\" class=\"attachment-post-thumbnail size-post-thumbnail wp-post-image\" alt=\"\" \/><\/p>\n<p>O presidente da C\u00e2mara Brasileira da Ind\u00fastria da Constru\u00e7\u00e3o (CBIC), Eduardo Aroeira Almeida, esteve na noite desta quinta-feira (3) no Minist\u00e9rio das Cidades, em Bras\u00edlia, onde se reuniu com o ministro Vladimir Lima. Na ocasi\u00e3o, eles abordaram temas relacionados \u00e0 habita\u00e7\u00e3o e ao Minha Casa, Minha Vida, com foco no andamento e nas perspectivas de novas contrata\u00e7\u00f5es do programa.<\/p>\n<p>A agenda integra a atua\u00e7\u00e3o institucional da CBIC de di\u00e1logo permanente com o governo federal, com o objetivo de contribuir para o aprimoramento das pol\u00edticas p\u00fablicas voltadas ao setor e para a amplia\u00e7\u00e3o do acesso \u00e0 moradia. Tamb\u00e9m esteve no minist\u00e9rio o Lu\u00eds Henrique Macedo Cidade, rela\u00e7\u00f5es governamentais e institucionais da CBIC.<\/p>\n<p>Entre os temas abordados estiveram as perspectivas para a contrata\u00e7\u00e3o de novas unidades do Minha Casa, Minha Vida, especialmente com recursos do Fundo de Arrendamento Residencial (FAR), e o andamento das iniciativas j\u00e1 em curso. A conversa tamb\u00e9m tratou da necessidade de dar mais agilidade aos procedimentos de contrata\u00e7\u00e3o e dos avan\u00e7os do programa.<\/p>\n<p><a href=\"https:\/\/cbic.org.br\/presidente-da-cbic-se-reune-com-ministro-das-cidades-para-tratar-da-agenda-habitacional\/chatgpt-image-4-de-set-de-2026-16_08_25\/\" rel=\"attachment wp-att-108779\"><img fetchpriority=\"high\" decoding=\"async\" class=\"aligncenter wp-image-108779 size-full\" src=\"https:\/\/cbic.org.br\/wp-content\/uploads\/2026\/09\/chatgpt-image-4-de-set-de-2026-160825.png\" alt=\"\" width=\"1672\" height=\"941\" \/><\/a><\/p>\n<p>\u201cFoi uma conversa muito importante para tratarmos da agenda da habita\u00e7\u00e3o, especialmente do Minha Casa, Minha Vida. Falamos sobre a expectativa de contrata\u00e7\u00e3o de novas unidades com recursos do FAR, o Fundo de Arrendamento Residencial, utilizado pelo programa para viabilizar a produ\u00e7\u00e3o subsidiada de moradias\u201d, afirmou o presidente da CBIC, Eduardo Aroeira.<\/p>\n<p>Segundo Aroeira, a entidade continuar\u00e1 acompanhando a execu\u00e7\u00e3o do programa e contribuindo para o debate sobre medidas que possam aperfei\u00e7oar os processos e ampliar seu alcance.<\/p>\n<p>\u201cTamb\u00e9m tratamos de caminhos para tornar essas contrata\u00e7\u00f5es mais \u00e1geis e efetivas e ouvimos do ministro como esses processos est\u00e3o avan\u00e7ando. A CBIC acompanha de perto o Minha Casa, Minha Vida e busca contribuir para o aprimoramento cont\u00ednuo do programa, para que ele avance cada vez mais e chegue a um n\u00famero maior de fam\u00edlias brasileiras\u201d, completou.<\/p>\n<p>A agenda refor\u00e7a a atua\u00e7\u00e3o da CBIC no acompanhamento das pol\u00edticas habitacionais e na constru\u00e7\u00e3o de propostas em di\u00e1logo com o poder p\u00fablico e os diferentes agentes envolvidos no setor. Para a entidade, essa interlocu\u00e7\u00e3o \u00e9 fundamental para identificar entraves, contribuir para o aperfei\u00e7oamento dos processos e apoiar a amplia\u00e7\u00e3o da produ\u00e7\u00e3o habitacional no pa\u00eds.<\/p>\n<p>The post <a href=\"https:\/\/cbic.org.br\/presidente-da-cbic-se-reune-com-ministro-das-cidades-para-tratar-da-agenda-habitacional\/\">Presidente da CBIC se re\u00fane com ministro das Cidades para tratar da agenda habitacional<\/a> appeared first on <a href=\"https:\/\/cbic.org.br\/\">CBIC \u2013 C\u00e2mara Brasileira da Industria da Constru\u00e7\u00e3o<\/a>.<\/p>","protected":false},"excerpt":{"rendered":"<p>O presidente da C\u00e2mara Brasileira da Ind\u00fastria da Constru\u00e7\u00e3o (CBIC), Eduardo Aroeira Almeida, esteve na noite desta quinta-feira (3) no Minist\u00e9rio das Cidades, em Bras\u00edlia, onde se reuniu com o ministro Vladimir Lima. Na ocasi\u00e3o, eles abordaram temas relacionados \u00e0 habita\u00e7\u00e3o e ao Minha Casa,&#8230;<\/p>\n","protected":false},"author":2,"featured_media":16990,"comment_status":"open","ping_status":"open","sticky":false,"template":"","format":"standard","meta":{"footnotes":""},"categories":[70],"tags":[],"class_list":["post-16989","post","type-post","status-publish","format-standard","has-post-thumbnail","hentry","category-mercado-imobiliario"],"_links":{"self":[{"href":"https:\/\/www.jpasini.com.br\/site\/wp-json\/wp\/v2\/posts\/16989","targetHints":{"allow":["GET"]}}],"collection":[{"href":"https:\/\/www.jpasini.com.br\/site\/wp-json\/wp\/v2\/posts"}],"about":[{"href":"https:\/\/www.jpasini.com.br\/site\/wp-json\/wp\/v2\/types\/post"}],"author":[{"embeddable":true,"href":"https:\/\/www.jpasini.com.br\/site\/wp-json\/wp\/v2\/users\/2"}],"replies":[{"embeddable":true,"href":"https:\/\/www.jpasini.com.br\/site\/wp-json\/wp\/v2\/comments?post=16989"}],"version-history":[{"count":0,"href":"https:\/\/www.jpasini.com.br\/site\/wp-json\/wp\/v2\/posts\/16989\/revisions"}],"wp:featuredmedia":[{"embeddable":true,"href":"https:\/\/www.jpasini.com.br\/site\/wp-json\/wp\/v2\/media\/16990"}],"wp:attachment":[{"href":"https:\/\/www.jpasini.com.br\/site\/wp-json\/wp\/v2\/media?parent=16989"}],"wp:term":[{"taxonomy":"category","embeddable":true,"href":"https:\/\/www.jpasini.com.br\/site\/wp-json\/wp\/v2\/categories?post=16989"},{"taxonomy":"post_tag","embeddable":true,"href":"https:\/\/www.jpasini.com.br\/site\/wp-json\/wp\/v2\/tags?post=16989"}],"curies":[{"name":"wp","href":"https:\/\/api.w.org\/{rel}","templated":true}]}}