{"id":16987,"date":"2026-09-04T16:06:17","date_gmt":"2026-09-04T19:06:17","guid":{"rendered":"https:\/\/www.jpasini.com.br\/site\/fim-da-escala-6x1-avanca-no-senado-e-votacao-segue-indefinida\/"},"modified":"2026-09-04T16:06:17","modified_gmt":"2026-09-04T19:06:17","slug":"fim-da-escala-6x1-avanca-no-senado-e-votacao-segue-indefinida","status":"publish","type":"post","link":"https:\/\/www.jpasini.com.br\/site\/fim-da-escala-6x1-avanca-no-senado-e-votacao-segue-indefinida\/","title":{"rendered":"Fim da escala 6\u00d71 avan\u00e7a no Senado e vota\u00e7\u00e3o segue indefinida"},"content":{"rendered":"<p><img decoding=\"async\" src=\"https:\/\/cbic.org.br\/wp-content\/uploads\/2024\/10\/senado2910.png\" class=\"attachment-post-thumbnail size-post-thumbnail wp-post-image\" alt=\"\" \/><\/p>\n<p class=\"isSelectedEnd\">A aprova\u00e7\u00e3o da PEC 221\/2019 pela Comiss\u00e3o de Constitui\u00e7\u00e3o, Justi\u00e7a e Cidadania (CCJ) do Senado abriu caminho para a pr\u00f3xima etapa da proposta que prev\u00ea o fim da escala 6&#215;1 e a redu\u00e7\u00e3o da jornada m\u00e1xima semanal de 44 para 40 horas, sem redu\u00e7\u00e3o salarial. Para ser aprovada, a proposta precisa ter 49 votos necess\u00e1rios no Plen\u00e1rio do Senado, em dois turnos, em uma vota\u00e7\u00e3o que ainda n\u00e3o tem data definida.<\/p>\n<p class=\"isSelectedEnd\">A PEC foi aprovada pela CCJ na quarta-feira (2), em vota\u00e7\u00e3o simb\u00f3lica. O parecer do relator, senador Omar Aziz (PSD\/AM), manteve integralmente o texto aprovado pela C\u00e2mara dos Deputados e rejeitou as emendas apresentadas. A estrat\u00e9gia busca evitar que mudan\u00e7as no m\u00e9rito obriguem a proposta a retornar \u00e0 C\u00e2mara e, assim, permitir que, caso seja aprovada pelo Senado na mesma reda\u00e7\u00e3o, siga diretamente para promulga\u00e7\u00e3o.<\/p>\n<p class=\"isSelectedEnd\">Ap\u00f3s a aprova\u00e7\u00e3o na CCJ, houve uma tentativa de levar a mat\u00e9ria ao Plen\u00e1rio ainda na quarta-feira, durante o esfor\u00e7o concentrado do Senado. A vota\u00e7\u00e3o, no entanto, n\u00e3o ocorreu. A oposi\u00e7\u00e3o trabalhou para reduzir a presen\u00e7a de senadores no Plen\u00e1rio, enquanto a base do governo avaliou que n\u00e3o havia seguran\u00e7a sobre a quantidade de votos favor\u00e1veis dispon\u00edveis naquele momento.<\/p>\n<p class=\"isSelectedEnd\">Para aprovar uma PEC, s\u00e3o necess\u00e1rios tr\u00eas quintos dos senadores, ou seja, pelo menos 49 dos 81 parlamentares, em cada um dos dois turnos. Embora o governo trabalhe com uma estimativa inicial de 53 a 54 votos favor\u00e1veis, a avalia\u00e7\u00e3o de que n\u00e3o havia margem segura levou \u00e0 decis\u00e3o de n\u00e3o colocar a proposta em vota\u00e7\u00e3o.<\/p>\n<p class=\"isSelectedEnd\">A CCJ tamb\u00e9m aprovou requerimento para ado\u00e7\u00e3o de calend\u00e1rio especial, que reduz os prazos regimentais e pode acelerar a tramita\u00e7\u00e3o. A medida, por\u00e9m, ainda precisa ser aprovada pelo Plen\u00e1rio do Senado.<\/p>\n<h3>Vota\u00e7\u00e3o antes das elei\u00e7\u00f5es<\/h3>\n<p class=\"isSelectedEnd\">A pr\u00f3xima janela regular de vota\u00e7\u00e3o antes do primeiro turno das elei\u00e7\u00f5es, marcado para 4 de outubro, ainda n\u00e3o est\u00e1 definida.<\/p>\n<p class=\"isSelectedEnd\">O governo tenta, por isso, construir uma alternativa para levar a proposta ao Plen\u00e1rio ainda em setembro. O l\u00edder do governo no Congresso, senador Randolfe Rodrigues (PT-AP), afirmou que pretende buscar junto ao presidente do Senado, Davi Alcolumbre (Uni\u00e3o-AP), a convoca\u00e7\u00e3o de uma sess\u00e3o espec\u00edfica para analisar a PEC antes das elei\u00e7\u00f5es.<\/p>\n<p class=\"isSelectedEnd\">A estrat\u00e9gia, entretanto, depende de acordo pol\u00edtico e da avalia\u00e7\u00e3o de Alcolumbre sobre a viabilidade da vota\u00e7\u00e3o. Caso n\u00e3o seja poss\u00edvel aprovar a proposta antes do primeiro turno, Randolfe indicou que uma nova tentativa poder\u00e1 ocorrer na segunda semana de outubro.<\/p>\n<p>The post <a href=\"https:\/\/cbic.org.br\/fim-da-escala-6x1-avanca-no-senado-e-votacao-segue-indefinida\/\">Fim da escala 6\u00d71 avan\u00e7a no Senado e vota\u00e7\u00e3o segue indefinida<\/a> appeared first on <a href=\"https:\/\/cbic.org.br\/\">CBIC \u2013 C\u00e2mara Brasileira da Industria da Constru\u00e7\u00e3o<\/a>.<\/p>","protected":false},"excerpt":{"rendered":"<p>A aprova\u00e7\u00e3o da PEC 221\/2019 pela Comiss\u00e3o de Constitui\u00e7\u00e3o, Justi\u00e7a e Cidadania (CCJ) do Senado abriu caminho para a pr\u00f3xima etapa da proposta que prev\u00ea o fim da escala 6&#215;1 e a redu\u00e7\u00e3o da jornada m\u00e1xima semanal de 44 para 40 horas, sem redu\u00e7\u00e3o salarial&#8230;.<\/p>\n","protected":false},"author":2,"featured_media":16988,"comment_status":"open","ping_status":"open","sticky":false,"template":"","format":"standard","meta":{"footnotes":""},"categories":[70],"tags":[],"class_list":["post-16987","post","type-post","status-publish","format-standard","has-post-thumbnail","hentry","category-mercado-imobiliario"],"_links":{"self":[{"href":"https:\/\/www.jpasini.com.br\/site\/wp-json\/wp\/v2\/posts\/16987","targetHints":{"allow":["GET"]}}],"collection":[{"href":"https:\/\/www.jpasini.com.br\/site\/wp-json\/wp\/v2\/posts"}],"about":[{"href":"https:\/\/www.jpasini.com.br\/site\/wp-json\/wp\/v2\/types\/post"}],"author":[{"embeddable":true,"href":"https:\/\/www.jpasini.com.br\/site\/wp-json\/wp\/v2\/users\/2"}],"replies":[{"embeddable":true,"href":"https:\/\/www.jpasini.com.br\/site\/wp-json\/wp\/v2\/comments?post=16987"}],"version-history":[{"count":0,"href":"https:\/\/www.jpasini.com.br\/site\/wp-json\/wp\/v2\/posts\/16987\/revisions"}],"wp:featuredmedia":[{"embeddable":true,"href":"https:\/\/www.jpasini.com.br\/site\/wp-json\/wp\/v2\/media\/16988"}],"wp:attachment":[{"href":"https:\/\/www.jpasini.com.br\/site\/wp-json\/wp\/v2\/media?parent=16987"}],"wp:term":[{"taxonomy":"category","embeddable":true,"href":"https:\/\/www.jpasini.com.br\/site\/wp-json\/wp\/v2\/categories?post=16987"},{"taxonomy":"post_tag","embeddable":true,"href":"https:\/\/www.jpasini.com.br\/site\/wp-json\/wp\/v2\/tags?post=16987"}],"curies":[{"name":"wp","href":"https:\/\/api.w.org\/{rel}","templated":true}]}}