{"id":16981,"date":"2026-09-03T13:17:57","date_gmt":"2026-09-03T16:17:57","guid":{"rendered":"https:\/\/www.jpasini.com.br\/site\/ademi-rj-entidade-anuncia-comissao-da-mulher-e-novo-podcast-durante-reuniao-de-associados\/"},"modified":"2026-09-03T13:17:57","modified_gmt":"2026-09-03T16:17:57","slug":"ademi-rj-entidade-anuncia-comissao-da-mulher-e-novo-podcast-durante-reuniao-de-associados","status":"publish","type":"post","link":"https:\/\/www.jpasini.com.br\/site\/ademi-rj-entidade-anuncia-comissao-da-mulher-e-novo-podcast-durante-reuniao-de-associados\/","title":{"rendered":"Ademi-RJ: entidade anuncia Comiss\u00e3o da Mulher e novo podcast durante reuni\u00e3o de associados"},"content":{"rendered":"<p><img decoding=\"async\" src=\"https:\/\/cbic.org.br\/wp-content\/uploads\/2026\/09\/153219.png\" class=\"attachment-post-thumbnail size-post-thumbnail wp-post-image\" alt=\"\" \/><\/p>\n<div class=\"crayon article-chapo-4323 chapo surlignable\">\n<p>A Ademi-RJ anunciou nesta ter\u00e7a-feira, a cria\u00e7\u00e3o da Comiss\u00e3o da Mulher, para promover a participa\u00e7\u00e3o e o protagonismo feminino no setor, e o lan\u00e7amento de um podcast mensal para dar mais visibilidade ao mercado sobre os lan\u00e7amentos das empresas.<\/p>\n<\/div>\n<div class=\"crayon article-texte-4323 texte surlignable clearfix\">\n<p>.A Associa\u00e7\u00e3o dos Dirigentes de Empresas do Mercado Imobili\u00e1rio (Ademi-RJ) anunciou nesta ter\u00e7a-feira (1\u00ba), durante reuni\u00e3o de associados, duas novidades. A primeira \u00e9 a cria\u00e7\u00e3o da Comiss\u00e3o da Mulher, voltada a ampliar a participa\u00e7\u00e3o e o protagonismo feminino no setor. A outra \u00e9 o lan\u00e7amento de um podcast mensal para dar mais visibilidade ao mercado sobre os lan\u00e7amentos das empresas. A nova comiss\u00e3o ser\u00e1 presidida por Michelle Novaes, s\u00f3cia da imobili\u00e1ria Kaselle, e ter\u00e1 como vice-presidente Rafaella Carvalho, diretora jur\u00eddica da Cyrela.<\/p>\n<p>A Comiss\u00e3o da Mulher nasce com a miss\u00e3o de ampliar a presen\u00e7a, a voz e o protagonismo feminino dentro da Ademi-RJ e nas discuss\u00f5es sobre os rumos do mercado imobili\u00e1rio. A iniciativa acompanha um movimento de crescimento da participa\u00e7\u00e3o das mulheres no setor. Segundo dados divulgados pelo Creci-RJ, o estado conta com 22.679 corretoras de im\u00f3veis em atividade, e a participa\u00e7\u00e3o feminina entre os profissionais do mercado passou de 33% para 37% em quatro anos.<\/p>\n<p>O an\u00fancio foi feito pelo presidente da Ademi-RJ, Leonardo Mesquita. A reuni\u00e3o teve ainda um car\u00e1ter simb\u00f3lico: foi a primeira reuni\u00e3o da entidade conduzida por uma mulher, Michelle Novaes, refor\u00e7ando, na pr\u00e1tica, a proposta de ampliar a participa\u00e7\u00e3o feminina nos espa\u00e7os de representa\u00e7\u00e3o do setor.<\/p>\n<p>\u201cQueremos uma Ademi cada vez mais representativa do mercado. As mulheres j\u00e1 ocupam posi\u00e7\u00f5es importantes nas incorporadoras, construtoras, imobili\u00e1rias e em diferentes \u00e1reas da cadeia do setor. A cria\u00e7\u00e3o da comiss\u00e3o \u00e9 uma forma de ampliar essa participa\u00e7\u00e3o tamb\u00e9m dentro da entidade, trazendo novas lideran\u00e7as, ideias e olhares para as nossas discuss\u00f5es\u201d, afirma Leonardo Mesquita.<\/p>\n<p>Al\u00e9m de presidir a nova comiss\u00e3o, Michelle Novaes estar\u00e1 \u00e0 frente de um novo canal de comunica\u00e7\u00e3o da Ademi-RJ. O podcast, com periodicidade mensal, ter\u00e1 como convidados representantes das empresas associadas. A cada edi\u00e7\u00e3o, um associado ser\u00e1 recebido para apresentar seus lan\u00e7amentos, projetos e novidades, al\u00e9m de discutir tend\u00eancias e temas relevantes para o mercado imobili\u00e1rio carioca.<\/p>\n<p>\u201cO mercado imobili\u00e1rio tem muitas hist\u00f3rias, projetos e profissionais que merecem mais visibilidade. Queremos que o podcast seja uma vitrine para os nossos associados e, ao mesmo tempo, um espa\u00e7o de conversa sobre o setor. E a Comiss\u00e3o da Mulher chega para aproximar ainda mais as mulheres da Ademi, estimular a troca de experi\u00eancias e abrir espa\u00e7o para novas lideran\u00e7as\u201d, diz Michelle Novaes.<\/p>\n<p>A cria\u00e7\u00e3o da Comiss\u00e3o da Mulher e o lan\u00e7amento do podcast refor\u00e7am o movimento da Ademi-RJ de ampliar sua interlocu\u00e7\u00e3o com os associados e com a sociedade, abrindo espa\u00e7o para novas lideran\u00e7as e criando canais para mostrar os projetos, investimentos e transforma\u00e7\u00f5es do mercado imobili\u00e1rio do Rio de Janeiro.<\/p>\n<\/div>\n<p>The post <a href=\"https:\/\/cbic.org.br\/ademi-rj-entidade-anuncia-comissao-da-mulher-e-novo-podcast-durante-reuniao-de-associados\/\">Ademi-RJ: entidade anuncia Comiss\u00e3o da Mulher e novo podcast durante reuni\u00e3o de associados<\/a> appeared first on <a href=\"https:\/\/cbic.org.br\/\">CBIC \u2013 C\u00e2mara Brasileira da Industria da Constru\u00e7\u00e3o<\/a>.<\/p>","protected":false},"excerpt":{"rendered":"<p>A Ademi-RJ anunciou nesta ter\u00e7a-feira, a cria\u00e7\u00e3o da Comiss\u00e3o da Mulher, para promover a participa\u00e7\u00e3o e o protagonismo feminino no setor, e o lan\u00e7amento de um podcast mensal para dar mais visibilidade ao mercado sobre os lan\u00e7amentos das empresas. .A Associa\u00e7\u00e3o dos Dirigentes de Empresas&#8230;<\/p>\n","protected":false},"author":2,"featured_media":16982,"comment_status":"open","ping_status":"open","sticky":false,"template":"","format":"standard","meta":{"footnotes":""},"categories":[70],"tags":[],"class_list":["post-16981","post","type-post","status-publish","format-standard","has-post-thumbnail","hentry","category-mercado-imobiliario"],"_links":{"self":[{"href":"https:\/\/www.jpasini.com.br\/site\/wp-json\/wp\/v2\/posts\/16981","targetHints":{"allow":["GET"]}}],"collection":[{"href":"https:\/\/www.jpasini.com.br\/site\/wp-json\/wp\/v2\/posts"}],"about":[{"href":"https:\/\/www.jpasini.com.br\/site\/wp-json\/wp\/v2\/types\/post"}],"author":[{"embeddable":true,"href":"https:\/\/www.jpasini.com.br\/site\/wp-json\/wp\/v2\/users\/2"}],"replies":[{"embeddable":true,"href":"https:\/\/www.jpasini.com.br\/site\/wp-json\/wp\/v2\/comments?post=16981"}],"version-history":[{"count":0,"href":"https:\/\/www.jpasini.com.br\/site\/wp-json\/wp\/v2\/posts\/16981\/revisions"}],"wp:featuredmedia":[{"embeddable":true,"href":"https:\/\/www.jpasini.com.br\/site\/wp-json\/wp\/v2\/media\/16982"}],"wp:attachment":[{"href":"https:\/\/www.jpasini.com.br\/site\/wp-json\/wp\/v2\/media?parent=16981"}],"wp:term":[{"taxonomy":"category","embeddable":true,"href":"https:\/\/www.jpasini.com.br\/site\/wp-json\/wp\/v2\/categories?post=16981"},{"taxonomy":"post_tag","embeddable":true,"href":"https:\/\/www.jpasini.com.br\/site\/wp-json\/wp\/v2\/tags?post=16981"}],"curies":[{"name":"wp","href":"https:\/\/api.w.org\/{rel}","templated":true}]}}