{"id":16979,"date":"2026-09-03T14:08:18","date_gmt":"2026-09-03T17:08:18","guid":{"rendered":"https:\/\/www.jpasini.com.br\/site\/com-ilso-jose-de-oliveira-na-lideranca-coic-prioriza-valorizacao-da-engenharia-inteligencia-de-mercado-e-gestao-compartilhada-para-a-gestao-2026-2029\/"},"modified":"2026-09-03T14:08:18","modified_gmt":"2026-09-03T17:08:18","slug":"com-ilso-jose-de-oliveira-na-lideranca-coic-prioriza-valorizacao-da-engenharia-inteligencia-de-mercado-e-gestao-compartilhada-para-a-gestao-2026-2029","status":"publish","type":"post","link":"https:\/\/www.jpasini.com.br\/site\/com-ilso-jose-de-oliveira-na-lideranca-coic-prioriza-valorizacao-da-engenharia-inteligencia-de-mercado-e-gestao-compartilhada-para-a-gestao-2026-2029\/","title":{"rendered":"Com\u00a0Ilso\u00a0Jos\u00e9 de Oliveira na lideran\u00e7a, COIC prioriza valoriza\u00e7\u00e3o da engenharia, intelig\u00eancia de mercado e gest\u00e3o compartilhada para a gest\u00e3o 2026-2029\u00a0"},"content":{"rendered":"<p><img decoding=\"async\" src=\"https:\/\/cbic.org.br\/wp-content\/uploads\/2026\/09\/ilso-jose-de-oliveira-mg-coic-3-scaled.jpg\" class=\"attachment-post-thumbnail size-post-thumbnail wp-post-image\" alt=\"\" \/><\/p>\n<p><span data-contrast=\"auto\">A Comiss\u00e3o de Obras Industriais e Corporativas (COIC) da C\u00e2mara Brasileira da Ind\u00fastria da Constru\u00e7\u00e3o (CBIC) inicia a gest\u00e3o 2026-2029 com o compromisso focado em fortalecer a engenharia nacional e apoiar as empresas na resposta \u00e0s demandas do mercado. \u00c0 frente da comiss\u00e3o est\u00e1 o engenheiro civil\u00a0Ilso\u00a0Jos\u00e9 de Oliveira, executivo com ampla trajet\u00f3ria no setor, fundador da Reta Engenharia,\u00a0empresa que presidiu por 25 anos e da qual presidiu o Conselho de Administra\u00e7\u00e3o por outros cinco,\u00a0e atual\u00a0s\u00f3cio-fundador\u00a0e presidente do Conselho de Administra\u00e7\u00e3o da RETC Infraestrutura.<\/span><span data-ccp-props=\"{&quot;335551550&quot;:6,&quot;335551620&quot;:6}\">\u00a0<\/span><\/p>\n<p><span data-contrast=\"auto\">Com p\u00f3s-gradua\u00e7\u00e3o em Administra\u00e7\u00e3o Mercadol\u00f3gica pela Funda\u00e7\u00e3o Dom Cabral, MBA em Gest\u00e3o de Neg\u00f3cios de Engenharia pelo IBMEC e certifica\u00e7\u00e3o como Conselheiro de Administra\u00e7\u00e3o pela FDC, Oliveira traz uma s\u00f3lida bagagem na lideran\u00e7a de projetos industriais de grande porte. Ele tamb\u00e9m exerce a presid\u00eancia da C\u00e2mara de Obras Industriais da FIEMG e integra o Conselho Tem\u00e1tico de Minera\u00e7\u00e3o da CNI (COMIN\/CNI).<\/span><span data-ccp-props=\"{&quot;335551550&quot;:6,&quot;335551620&quot;:6}\">\u00a0<\/span><\/p>\n<p><span data-contrast=\"auto\">Em entrevista\u00a0ao\u00a0CBIC\u00a0Hoje, o\u00a0vice-presidente da \u00e1rea de Obras Industriais e Corporativas e\u00a0presidente da Comiss\u00e3o de Obras Industriais e Corporativas da CBIC\u00a0analisa os gargalos de produtividade do setor, os cen\u00e1rios para investimentos em \u00e1reas cruciais,\u00a0como minera\u00e7\u00e3o, transi\u00e7\u00e3o energ\u00e9tica, log\u00edstica e data centers,\u00a0e refor\u00e7a a urg\u00eancia de regras claras e seguran\u00e7a jur\u00eddica para atrair capital no Brasil.<\/span><span data-ccp-props=\"{&quot;134233117&quot;:false,&quot;134233118&quot;:false,&quot;201341983&quot;:0,&quot;335551550&quot;:6,&quot;335551620&quot;:6,&quot;335559685&quot;:0,&quot;335559737&quot;:0,&quot;335559738&quot;:0,&quot;335559739&quot;:160,&quot;335559740&quot;:279}\">\u00a0<\/span><\/p>\n<p><span data-contrast=\"auto\">Confira a entrevista na \u00edntegra:<\/span><span data-ccp-props=\"{&quot;335551550&quot;:6,&quot;335551620&quot;:6}\">\u00a0<\/span><\/p>\n<p><b><span data-contrast=\"auto\">Quais os principais desafios do setor da constru\u00e7\u00e3o para os pr\u00f3ximos tr\u00eas anos?<\/span><\/b><span data-ccp-props=\"{&quot;335551550&quot;:6,&quot;335551620&quot;:6}\">\u00a0<\/span><\/p>\n<p><span data-contrast=\"auto\">Ilso\u00a0Jos\u00e9 de Oliveira: Os principais desafios da constru\u00e7\u00e3o nos pr\u00f3ximos tr\u00eas anos ser\u00e3o melhorar a produtividade e elevar a maturidade das empresas. Para dar conta deles, ser\u00e1 fundamental investir na qualifica\u00e7\u00e3o da m\u00e3o de obra e na inova\u00e7\u00e3o de processos.<\/span><span data-ccp-props=\"{&quot;335551550&quot;:6,&quot;335551620&quot;:6}\">\u00a0<\/span><\/p>\n<p><b><span data-contrast=\"auto\">Diante deste cen\u00e1rio, quais as prioridades da Comiss\u00e3o de Obras Industriais e Corporativas para esta gest\u00e3o?<\/span><\/b><span data-ccp-props=\"{&quot;335551550&quot;:6,&quot;335551620&quot;:6}\">\u00a0<\/span><\/p>\n<p><span data-contrast=\"auto\">Ilso\u00a0Jos\u00e9 de Oliveira:\u00a0Vamos trabalhar fundamentados em tr\u00eas eixos centrais. O primeiro \u00e9 a Valoriza\u00e7\u00e3o da Engenharia, para termos mais engenheiros qualificados e dispon\u00edveis no mercado, aproveitando ao m\u00e1ximo o conhecimento embarcado nas empresas. O segundo eixo est\u00e1 voltado \u00e0 Intelig\u00eancia de Mercado, focado em conhecer em profundidade o setor e seus desafios para preparar as empresas a enfrent\u00e1-los de forma estruturada. Por fim, o terceiro eixo \u00e9 o est\u00edmulo \u00e0 Gest\u00e3o Compartilhada, divulgando e promovendo essa pr\u00e1tica para incentivar a coopera\u00e7\u00e3o entre as empresas que atuam em um mesmo projeto.<\/span><span data-ccp-props=\"{&quot;335551550&quot;:6,&quot;335551620&quot;:6}\">\u00a0<\/span><\/p>\n<p><b><span data-contrast=\"auto\">O segmento de obras industriais e corporativas tem forte rela\u00e7\u00e3o com \u00e1reas como ind\u00fastria, energia, log\u00edstica e infraestrutura. Quais setores devem concentrar os principais projetos e investimentos nos pr\u00f3ximos anos?<\/span><\/b><span data-ccp-props=\"{&quot;335551550&quot;:6,&quot;335551620&quot;:6}\">\u00a0<\/span><\/p>\n<p><span data-contrast=\"auto\">Ilso\u00a0Jos\u00e9 de Oliveira: Os investimentos devem se concentrar fortemente em Minera\u00e7\u00e3o, \u00d3leo e G\u00e1s, Infraestrutura log\u00edstica (com destaque para ferrovias, portos, hidrovias e energia), Papel e Celulose e Data Centers. Vale ressaltar tamb\u00e9m que teremos um grande volume de aportes voltados para OPEX, ou seja, no investimento cont\u00ednuo para a manuten\u00e7\u00e3o das ind\u00fastrias e na melhoria de seus processos existentes.<\/span><span data-ccp-props=\"{&quot;335551550&quot;:6,&quot;335551620&quot;:6}\">\u00a0<\/span><\/p>\n<p><b><span data-contrast=\"auto\">Como a inova\u00e7\u00e3o, a industrializa\u00e7\u00e3o e as novas tecnologias est\u00e3o transformando a forma de projetar e executar obras industriais e corporativas?<\/span><\/b><span data-ccp-props=\"{&quot;335551550&quot;:6,&quot;335551620&quot;:6}\">\u00a0<\/span><\/p>\n<p><span data-contrast=\"auto\">Ilso\u00a0Jos\u00e9 de Oliveira: A inova\u00e7\u00e3o, a mecaniza\u00e7\u00e3o de processos e a aplica\u00e7\u00e3o de tecnologias inovadoras estar\u00e3o cada vez mais presentes no cotidiano dos canteiros e projetos. A evolu\u00e7\u00e3o industrial exige uma redu\u00e7\u00e3o nos prazos de implanta\u00e7\u00e3o, al\u00e9m do aprimoramento nos processos de opera\u00e7\u00e3o e de mais facilidades na manuten\u00e7\u00e3o futura das estruturas.<\/span><span data-ccp-props=\"{&quot;335551550&quot;:6,&quot;335551620&quot;:6}\">\u00a0<\/span><\/p>\n<p><b><span data-contrast=\"auto\">Quais s\u00e3o os pontos determinantes no ambiente de neg\u00f3cios para que o Brasil consiga atrair e viabilizar novos empreendimentos industriais e corporativos?<\/span><\/b><span data-ccp-props=\"{&quot;335551550&quot;:6,&quot;335551620&quot;:6}\">\u00a0<\/span><\/p>\n<p><span data-contrast=\"auto\">Ilso\u00a0Jos\u00e9 de Oliveira:\u00a0Precisamos, fundamentalmente, de regras claras e uniformes nos processos de licenciamento, reduzindo o tempo demandado nessa etapa inicial. A seguran\u00e7a jur\u00eddica \u00e9 um pilar indispens\u00e1vel, pois tratamos de projetos que exigem grande aporte de capital e possuem longo prazo de matura\u00e7\u00e3o e implementa\u00e7\u00e3o. O pa\u00eds n\u00e3o pode ficar sujeito a mudan\u00e7as repentinas de legisla\u00e7\u00e3o e regramentos, como infelizmente ainda presenciamos em alguns cen\u00e1rios.<\/span><span data-ccp-props=\"{&quot;335551550&quot;:6,&quot;335551620&quot;:6}\">\u00a0<\/span><\/p>\n<p><span data-ccp-props=\"{&quot;335551550&quot;:6,&quot;335551620&quot;:6}\">\u00a0<\/span><\/p>\n<p>The post <a href=\"https:\/\/cbic.org.br\/com-ilso-jose-de-oliveira-na-lideranca-coic-prioriza-valorizacao-da-engenharia-inteligencia-de-mercado-e-gestao-compartilhada-para-a-gestao-2026-2029\/\">Com\u00a0Ilso\u00a0Jos\u00e9 de Oliveira na lideran\u00e7a, COIC prioriza valoriza\u00e7\u00e3o da engenharia, intelig\u00eancia de mercado e gest\u00e3o compartilhada para a gest\u00e3o 2026-2029\u00a0<\/a> appeared first on <a href=\"https:\/\/cbic.org.br\/\">CBIC \u2013 C\u00e2mara Brasileira da Industria da Constru\u00e7\u00e3o<\/a>.<\/p>","protected":false},"excerpt":{"rendered":"<p>A Comiss\u00e3o de Obras Industriais e Corporativas (COIC) da C\u00e2mara Brasileira da Ind\u00fastria da Constru\u00e7\u00e3o (CBIC) inicia a gest\u00e3o 2026-2029 com o compromisso focado em fortalecer a engenharia nacional e apoiar as empresas na resposta \u00e0s demandas do mercado. \u00c0 frente da comiss\u00e3o est\u00e1 o&#8230;<\/p>\n","protected":false},"author":2,"featured_media":16980,"comment_status":"open","ping_status":"open","sticky":false,"template":"","format":"standard","meta":{"footnotes":""},"categories":[70],"tags":[],"class_list":["post-16979","post","type-post","status-publish","format-standard","has-post-thumbnail","hentry","category-mercado-imobiliario"],"_links":{"self":[{"href":"https:\/\/www.jpasini.com.br\/site\/wp-json\/wp\/v2\/posts\/16979","targetHints":{"allow":["GET"]}}],"collection":[{"href":"https:\/\/www.jpasini.com.br\/site\/wp-json\/wp\/v2\/posts"}],"about":[{"href":"https:\/\/www.jpasini.com.br\/site\/wp-json\/wp\/v2\/types\/post"}],"author":[{"embeddable":true,"href":"https:\/\/www.jpasini.com.br\/site\/wp-json\/wp\/v2\/users\/2"}],"replies":[{"embeddable":true,"href":"https:\/\/www.jpasini.com.br\/site\/wp-json\/wp\/v2\/comments?post=16979"}],"version-history":[{"count":0,"href":"https:\/\/www.jpasini.com.br\/site\/wp-json\/wp\/v2\/posts\/16979\/revisions"}],"wp:featuredmedia":[{"embeddable":true,"href":"https:\/\/www.jpasini.com.br\/site\/wp-json\/wp\/v2\/media\/16980"}],"wp:attachment":[{"href":"https:\/\/www.jpasini.com.br\/site\/wp-json\/wp\/v2\/media?parent=16979"}],"wp:term":[{"taxonomy":"category","embeddable":true,"href":"https:\/\/www.jpasini.com.br\/site\/wp-json\/wp\/v2\/categories?post=16979"},{"taxonomy":"post_tag","embeddable":true,"href":"https:\/\/www.jpasini.com.br\/site\/wp-json\/wp\/v2\/tags?post=16979"}],"curies":[{"name":"wp","href":"https:\/\/api.w.org\/{rel}","templated":true}]}}