{"id":16977,"date":"2026-09-03T14:54:28","date_gmt":"2026-09-03T17:54:28","guid":{"rendered":"https:\/\/www.jpasini.com.br\/site\/setembro-amarelo-seconci-df-promove-acolhimento-e-cuidado-com-a-saude-mental-dos-trabalhadores-da-construcao\/"},"modified":"2026-09-03T14:54:28","modified_gmt":"2026-09-03T17:54:28","slug":"setembro-amarelo-seconci-df-promove-acolhimento-e-cuidado-com-a-saude-mental-dos-trabalhadores-da-construcao","status":"publish","type":"post","link":"https:\/\/www.jpasini.com.br\/site\/setembro-amarelo-seconci-df-promove-acolhimento-e-cuidado-com-a-saude-mental-dos-trabalhadores-da-construcao\/","title":{"rendered":"Setembro Amarelo: Seconci-DF promove acolhimento e cuidado com a sa\u00fade mental dos trabalhadores da constru\u00e7\u00e3o"},"content":{"rendered":"<p><img decoding=\"async\" src=\"https:\/\/cbic.org.br\/wp-content\/uploads\/2023\/09\/setembro-amarelo.jpg\" class=\"attachment-post-thumbnail size-post-thumbnail wp-post-image\" alt=\"\" \/><\/p>\n<div>\n<div>\n<p dir=\"ltr\"><span data-olk-copy-source=\"MessageBody\">Em um canteiro de obras, todos os dias come\u00e7am cedo. H\u00e1 o barulho das m\u00e1quinas, o ritmo acelerado do trabalho, as metas a cumprir e uma rotina que exige aten\u00e7\u00e3o constante. Mas, por tr\u00e1s do capacete e do uniforme, existem tamb\u00e9m hist\u00f3rias, fam\u00edlias, preocupa\u00e7\u00f5es e sentimentos que nem sempre encontram espa\u00e7o para serem compartilhados.<\/span><\/p>\n<p dir=\"ltr\">A import\u00e2ncia de buscar ajuda ganha um significado ainda mais concreto na hist\u00f3ria de Ismael Souza que encontrou no Servi\u00e7o Social da Ind\u00fastria da Constru\u00e7\u00e3o Civil do Distrito Federal (Seconci-DF) o apoio necess\u00e1rio em um dos momentos mais dif\u00edceis de sua vida. Ao enfrentar um per\u00edodo de profundo sofrimento emocional, ele conta que chegou a pensar em desistir da pr\u00f3pria vida. \u201cEu estava adoecido e j\u00e1 estava quase desistindo da vida, pensando em dar um fim a ela. Se eu n\u00e3o tivesse pedido ajuda, talvez n\u00e3o estivesse mais aqui. Hoje, quando me olho no espelho, me sinto bem feliz\u201d, conta.<\/p>\n<p dir=\"ltr\">A experi\u00eancia de Ismael representa a import\u00e2ncia de criar espa\u00e7os de escuta e acolhimento para os trabalhadores da constru\u00e7\u00e3o civil. \u201cQuando uma pessoa fala em suic\u00eddio, mesmo que de forma indireta, essa fala precisa de aten\u00e7\u00e3o. \u00c9 um sinal de sofrimento e um pedido de ajuda que n\u00e3o deve ser ignorado. Acolher, ouvir sem julgamentos e buscar apoio s\u00e3o atitudes fundamentais\u201d, explica a psic\u00f3loga do Seconci-DF, Fl\u00e1via Ferraiolo. \u00c9 com esse prop\u00f3sito que o Seconci-DF intensifica, durante o Setembro Amarelo, m\u00eas de preven\u00e7\u00e3o do suic\u00eddio, as a\u00e7\u00f5es de conscientiza\u00e7\u00e3o sobre sa\u00fade mental e valoriza\u00e7\u00e3o da vida entre os trabalhadores da constru\u00e7\u00e3o civil do Distrito Federal.<\/p>\n<p dir=\"ltr\">Ao longo do m\u00eas, palestras e atividades nos canteiros de obras ir\u00e3o abordar a import\u00e2ncia de cuidar da sa\u00fade emocional, reconhecer sinais de sofrimento e buscar ajuda. A expectativa \u00e9 que sejam alcan\u00e7ados mais de 2,5 mil trabalhadores, em 30 canteiros e frentes de trabalho. \u201cQuando uma pessoa est\u00e1 passando por uma situa\u00e7\u00e3o dif\u00edcil, muitas vezes ela n\u00e3o consegue perceber que precisa de ajuda ou n\u00e3o encontra for\u00e7as para procur\u00e1-la. Ter algu\u00e9m que escute, acolha e mostre que existe um caminho pode fazer toda a diferen\u00e7a\u201d, afirma Roseane dos Santos, assistente social do Seconci-DF.<\/p>\n<p dir=\"ltr\"><strong>Atendimento psicossocial o ano todo<\/strong><\/p>\n<p dir=\"ltr\">O trabalho, por\u00e9m, n\u00e3o se restringe ao m\u00eas de setembro. Durante todo o ano, o Seconci-DF realiza triagens psicossociais e, quando necess\u00e1rio, os trabalhadores s\u00e3o encaminhados para o atendimento psicol\u00f3gico dispon\u00edvel na institui\u00e7\u00e3o. O servi\u00e7o gratuito est\u00e1 dispon\u00edvel para todos os trabalhadores das empresas parceiras.<\/p>\n<p dir=\"ltr\">\u201cO Setembro Amarelo amplia a visibilidade para um tema que precisa ser tratado permanentemente. Sa\u00fade mental tamb\u00e9m \u00e9 sa\u00fade do trabalhador, e falar sobre isso ajuda a diminuir preconceitos e a aproximar as pessoas da ajuda que precisam\u201d, destaca Roseane.<\/p>\n<p dir=\"ltr\"><strong>Norma Regulamentadora n\u00ba 01 (NR-01)<\/strong><\/p>\n<p dir=\"ltr\">A sa\u00fade mental tamb\u00e9m passou a ocupar um espa\u00e7o mais estrat\u00e9gico na gest\u00e3o da seguran\u00e7a do trabalho. Com as mudan\u00e7as da Norma Regulamentadora n\u00ba 01 (NR-01), em vigor desde maio de 2026, as empresas precisam incorporar ao Gerenciamento de Riscos Ocupacionais (GRO) a an\u00e1lise de fatores psicossociais relacionados ao trabalho, entre eles situa\u00e7\u00f5es de estresse, ass\u00e9dio, esgotamento profissional, sobrecarga e problemas relacionados ao ambiente e \u00e0 organiza\u00e7\u00e3o do trabalho.<\/p>\n<p dir=\"ltr\">Para apoiar o setor da constru\u00e7\u00e3o civil nesse novo cen\u00e1rio, o Seconci-DF criou metodologia pr\u00f3pria e est\u00e1 apoiando as empresas parceiras no levantamento dos riscos psicossociais relacionados ao trabalho nos canteiros. Desde de maio, o levantamento j\u00e1 foi realizado em 15 empresas, com levantamento feito entre centenas de trabalhadores.<\/p>\n<p dir=\"ltr\"><strong>Atendimentos<\/strong><\/p>\n<p dir=\"ltr\">Os trabalhadores que necessitarem de atendimento psicossocial podem procurar o RH ou a \u00e1rea de Seguran\u00e7a do Trabalho da empresa onde atuam para solicitar o <a title=\"https:\/\/www.seconci-df.org.br\/agendamento\/\" href=\"https:\/\/www.seconci-df.org.br\/agendamento\/\" target=\"_blank\" rel=\"noopener noreferrer\" data-auth=\"NotApplicable\" data-linkindex=\"0\">agendamento junto ao Seconci-DF<\/a>. As empresas tamb\u00e9m podem solicitar atendimento por meio do projeto Seconci Presente.<\/p>\n<\/div>\n<\/div>\n<div>\n<div class=\"x_gmail_signature\" dir=\"ltr\" data-smartmail=\"gmail_signature\">\n<div dir=\"ltr\">\n<div dir=\"ltr\">\n<div dir=\"ltr\">\n<div><\/div>\n<\/div>\n<\/div>\n<\/div>\n<\/div>\n<\/div>\n<p>The post <a href=\"https:\/\/cbic.org.br\/setembro-amarelo-seconci-df-promove-acolhimento-e-cuidado-com-a-saude-mental-dos-trabalhadores-da-construcao\/\">Setembro Amarelo: Seconci-DF promove acolhimento e cuidado com a sa\u00fade mental dos trabalhadores da constru\u00e7\u00e3o<\/a> appeared first on <a href=\"https:\/\/cbic.org.br\/\">CBIC \u2013 C\u00e2mara Brasileira da Industria da Constru\u00e7\u00e3o<\/a>.<\/p>","protected":false},"excerpt":{"rendered":"<p>Em um canteiro de obras, todos os dias come\u00e7am cedo. H\u00e1 o barulho das m\u00e1quinas, o ritmo acelerado do trabalho, as metas a cumprir e uma rotina que exige aten\u00e7\u00e3o constante. Mas, por tr\u00e1s do capacete e do uniforme, existem tamb\u00e9m hist\u00f3rias, fam\u00edlias, preocupa\u00e7\u00f5es e&#8230;<\/p>\n","protected":false},"author":2,"featured_media":16978,"comment_status":"open","ping_status":"open","sticky":false,"template":"","format":"standard","meta":{"footnotes":""},"categories":[70],"tags":[],"class_list":["post-16977","post","type-post","status-publish","format-standard","has-post-thumbnail","hentry","category-mercado-imobiliario"],"_links":{"self":[{"href":"https:\/\/www.jpasini.com.br\/site\/wp-json\/wp\/v2\/posts\/16977","targetHints":{"allow":["GET"]}}],"collection":[{"href":"https:\/\/www.jpasini.com.br\/site\/wp-json\/wp\/v2\/posts"}],"about":[{"href":"https:\/\/www.jpasini.com.br\/site\/wp-json\/wp\/v2\/types\/post"}],"author":[{"embeddable":true,"href":"https:\/\/www.jpasini.com.br\/site\/wp-json\/wp\/v2\/users\/2"}],"replies":[{"embeddable":true,"href":"https:\/\/www.jpasini.com.br\/site\/wp-json\/wp\/v2\/comments?post=16977"}],"version-history":[{"count":0,"href":"https:\/\/www.jpasini.com.br\/site\/wp-json\/wp\/v2\/posts\/16977\/revisions"}],"wp:featuredmedia":[{"embeddable":true,"href":"https:\/\/www.jpasini.com.br\/site\/wp-json\/wp\/v2\/media\/16978"}],"wp:attachment":[{"href":"https:\/\/www.jpasini.com.br\/site\/wp-json\/wp\/v2\/media?parent=16977"}],"wp:term":[{"taxonomy":"category","embeddable":true,"href":"https:\/\/www.jpasini.com.br\/site\/wp-json\/wp\/v2\/categories?post=16977"},{"taxonomy":"post_tag","embeddable":true,"href":"https:\/\/www.jpasini.com.br\/site\/wp-json\/wp\/v2\/tags?post=16977"}],"curies":[{"name":"wp","href":"https:\/\/api.w.org\/{rel}","templated":true}]}}