{"id":16973,"date":"2026-09-02T14:37:09","date_gmt":"2026-09-02T17:37:09","guid":{"rendered":"https:\/\/www.jpasini.com.br\/site\/deu-na-midia-eduardo-aroeira-fala-a-cnn-money-sobre-impactos-economicos-e-sociais-da-reducao-da-jornada-de-trabalho\/"},"modified":"2026-09-02T14:37:09","modified_gmt":"2026-09-02T17:37:09","slug":"deu-na-midia-eduardo-aroeira-fala-a-cnn-money-sobre-impactos-economicos-e-sociais-da-reducao-da-jornada-de-trabalho","status":"publish","type":"post","link":"https:\/\/www.jpasini.com.br\/site\/deu-na-midia-eduardo-aroeira-fala-a-cnn-money-sobre-impactos-economicos-e-sociais-da-reducao-da-jornada-de-trabalho\/","title":{"rendered":"Deu na m\u00eddia: Eduardo Aroeira fala \u00e0 CNN Money sobre impactos econ\u00f4micos e sociais da redu\u00e7\u00e3o da jornada de trabalho"},"content":{"rendered":"<p><img decoding=\"async\" src=\"https:\/\/cbic.org.br\/wp-content\/uploads\/2026\/09\/whatsapp-image-2026-09-02-at-22707-pm.jpeg\" class=\"attachment-post-thumbnail size-post-thumbnail wp-post-image\" alt=\"\" \/><\/p>\n<p>O presidente da C\u00e2mara Brasileira da Ind\u00fastria da Constru\u00e7\u00e3o (CBIC), Eduardo Aroeira, concedeu entrevista \u00e0 CNN Money, nesta quarta-feira (2), e alertou para os impactos econ\u00f4micos e sociais que a redu\u00e7\u00e3o da jornada de trabalho pode gerar caso seja aprovada pelo Congresso Nacional no formato atual.<\/p>\n<p>Na oportunidade, Aroeira afirmou que a redu\u00e7\u00e3o da jornada, sem medidas que compensem a diminui\u00e7\u00e3o das horas trabalhadas, pode ampliar a demanda por profissionais no setor e, diante das atuais dificuldades de contrata\u00e7\u00e3o, impactar os cronogramas e os custos das obras.<\/p>\n<p>De acordo com levantamentos da CBIC, a redu\u00e7\u00e3o da jornada semanal de 44 para 40 horas exigiria a contrata\u00e7\u00e3o de aproximadamente 300 mil novos trabalhadores para a manuten\u00e7\u00e3o dos atuais n\u00edveis de produ\u00e7\u00e3o.<\/p>\n<p>O presidente da entidade ressaltou ainda que a constru\u00e7\u00e3o j\u00e1 enfrenta dificuldades relacionadas \u00e0 disponibilidade de m\u00e3o de obra. Nos \u00faltimos 12 meses, o custo do trabalho no setor acumulou alta de quase 9%, praticamente o dobro da infla\u00e7\u00e3o oficial do pa\u00eds, medida pelo IPCA, que ficou em torno de 4,5% no mesmo per\u00edodo.<\/p>\n<p>Veja a entrevista completa: <a href=\"http:\/\/o%20presidente%20da%20c%C3%A2mara%20brasileira%20da%20ind%C3%BAstria%20da%20constru%C3%A7%C3%A3o%20(cbic),%20eduardo%20aroeira,%20concedeu%20entrevista%20%C3%A0%20cnn%20money,%20nesta%20quarta-feira%20(2),%20e%20alertou%20para%20os%20impactos%20econ%C3%B4micos%20e%20sociais%20que%20a%20redu%C3%A7%C3%A3o%20da%20jornada%20de%20trabalho%20pode%20gerar%20caso%20seja%20aprovada%20pelo%20congresso%20nacional%20no%20formato%20atual.%20%20na%20oportunidade,%20aroeira%20afirmou%20que%20a%20redu%C3%A7%C3%A3o%20da%20jornada,%20sem%20medidas%20que%20compensem%20a%20diminui%C3%A7%C3%A3o%20das%20horas%20trabalhadas,%20pode%20ampliar%20a%20demanda%20por%20profissionais%20no%20setor%20e,%20diante%20das%20atuais%20dificuldades%20de%20contrata%C3%A7%C3%A3o,%20impactar%20os%20cronogramas%20e%20os%20custos%20das%20obras.%20%20de%20acordo%20com%20levantamentos%20da%20cbic,%20a%20redu%C3%A7%C3%A3o%20da%20jornada%20semanal%20de%2044%20para%2040%20horas%20exigiria%20a%20contrata%C3%A7%C3%A3o%20de%20aproximadamente%20300%20mil%20novos%20trabalhadores%20para%20a%20manuten%C3%A7%C3%A3o%20dos%20atuais%20n%C3%ADveis%20de%20produ%C3%A7%C3%A3o.%20%20o%20presidente%20da%20entidade%20ressaltou%20ainda%20que%20a%20constru%C3%A7%C3%A3o%20j%C3%A1%20enfrenta%20dificuldades%20relacionadas%20%C3%A0%20disponibilidade%20de%20m%C3%A3o%20de%20obra.%20nos%20%C3%BAltimos%2012%20meses,%20o%20custo%20do%20trabalho%20no%20setor%20acumulou%20alta%20de%20quase%209%25,%20praticamente%20o%20dobro%20da%20infla%C3%A7%C3%A3o%20oficial%20do%20pa%C3%ADs,%20medida%20pelo%20ipca,%20que%20ficou%20em%20torno%20de%204,5%25%20no%20mesmo%20per%C3%ADodo.%20%20veja%20a%20entrevista%20completa\/\">https:\/\/www.youtube.com\/watch?v=g0r4_fweAHY<\/a><\/p>\n<p>The post <a href=\"https:\/\/cbic.org.br\/deu-na-midia-eduardo-aroeira-fala-a-cnn-money-sobre-impactos-economicos-e-sociais-da-reducao-da-jornada-de-trabalho\/\">Deu na m\u00eddia: Eduardo Aroeira fala \u00e0 CNN Money sobre impactos econ\u00f4micos e sociais da redu\u00e7\u00e3o da jornada de trabalho<\/a> appeared first on <a href=\"https:\/\/cbic.org.br\/\">CBIC \u2013 C\u00e2mara Brasileira da Industria da Constru\u00e7\u00e3o<\/a>.<\/p>","protected":false},"excerpt":{"rendered":"<p>O presidente da C\u00e2mara Brasileira da Ind\u00fastria da Constru\u00e7\u00e3o (CBIC), Eduardo Aroeira, concedeu entrevista \u00e0 CNN Money, nesta quarta-feira (2), e alertou para os impactos econ\u00f4micos e sociais que a redu\u00e7\u00e3o da jornada de trabalho pode gerar caso seja aprovada pelo Congresso Nacional no formato&#8230;<\/p>\n","protected":false},"author":2,"featured_media":16974,"comment_status":"open","ping_status":"open","sticky":false,"template":"","format":"standard","meta":{"footnotes":""},"categories":[70],"tags":[],"class_list":["post-16973","post","type-post","status-publish","format-standard","has-post-thumbnail","hentry","category-mercado-imobiliario"],"_links":{"self":[{"href":"https:\/\/www.jpasini.com.br\/site\/wp-json\/wp\/v2\/posts\/16973","targetHints":{"allow":["GET"]}}],"collection":[{"href":"https:\/\/www.jpasini.com.br\/site\/wp-json\/wp\/v2\/posts"}],"about":[{"href":"https:\/\/www.jpasini.com.br\/site\/wp-json\/wp\/v2\/types\/post"}],"author":[{"embeddable":true,"href":"https:\/\/www.jpasini.com.br\/site\/wp-json\/wp\/v2\/users\/2"}],"replies":[{"embeddable":true,"href":"https:\/\/www.jpasini.com.br\/site\/wp-json\/wp\/v2\/comments?post=16973"}],"version-history":[{"count":0,"href":"https:\/\/www.jpasini.com.br\/site\/wp-json\/wp\/v2\/posts\/16973\/revisions"}],"wp:featuredmedia":[{"embeddable":true,"href":"https:\/\/www.jpasini.com.br\/site\/wp-json\/wp\/v2\/media\/16974"}],"wp:attachment":[{"href":"https:\/\/www.jpasini.com.br\/site\/wp-json\/wp\/v2\/media?parent=16973"}],"wp:term":[{"taxonomy":"category","embeddable":true,"href":"https:\/\/www.jpasini.com.br\/site\/wp-json\/wp\/v2\/categories?post=16973"},{"taxonomy":"post_tag","embeddable":true,"href":"https:\/\/www.jpasini.com.br\/site\/wp-json\/wp\/v2\/tags?post=16973"}],"curies":[{"name":"wp","href":"https:\/\/api.w.org\/{rel}","templated":true}]}}