{"id":16969,"date":"2026-09-02T14:53:54","date_gmt":"2026-09-02T17:53:54","guid":{"rendered":"https:\/\/www.jpasini.com.br\/site\/presidente-da-cbic-acompanha-no-senado-discussao-sobre-reducao-da-jornada-de-trabalho\/"},"modified":"2026-09-02T14:53:54","modified_gmt":"2026-09-02T17:53:54","slug":"presidente-da-cbic-acompanha-no-senado-discussao-sobre-reducao-da-jornada-de-trabalho","status":"publish","type":"post","link":"https:\/\/www.jpasini.com.br\/site\/presidente-da-cbic-acompanha-no-senado-discussao-sobre-reducao-da-jornada-de-trabalho\/","title":{"rendered":"Presidente da CBIC acompanha no Senado discuss\u00e3o sobre redu\u00e7\u00e3o da jornada de trabalho"},"content":{"rendered":"<p><img decoding=\"async\" src=\"https:\/\/cbic.org.br\/wp-content\/uploads\/2026\/09\/whatsapp-image-2026-09-02-at-25136-pm.jpeg\" class=\"attachment-post-thumbnail size-post-thumbnail wp-post-image\" alt=\"\" \/><\/p>\n<p>O presidente da C\u00e2mara Brasileira da Ind\u00fastria da Constru\u00e7\u00e3o (CBIC), Eduardo Aroeira Almeida, esteve no Senado Federal na manh\u00e3 desta quarta-feira (2) para acompanhar as discuss\u00f5es na Comiss\u00e3o de Constitui\u00e7\u00e3o, Justi\u00e7a e Cidadania (CCJ) sobre a proposta que trata do fim da escala 6&#215;1 e da redu\u00e7\u00e3o da jornada semanal de trabalho.<\/p>\n<p>Eduardo explica que a CBIC considera leg\u00edtimo o debate sobre a redu\u00e7\u00e3o da jornada, mas defende que uma mudan\u00e7a dessa dimens\u00e3o seja conduzida com amplo di\u00e1logo e embasamento t\u00e9cnico, considerando seus efeitos sobre o emprego, os custos, os investimentos e a execu\u00e7\u00e3o de obras p\u00fablicas e privadas, bem como as particularidades de cada atividade econ\u00f4mica.<\/p>\n<p>Durante a passagem pelo Senado, Aroeira conversou com o senador Izalci Lucas (PL-DF) sobre a tramita\u00e7\u00e3o da proposta e os poss\u00edveis impactos das mudan\u00e7as para os diferentes setores da economia.\u201cTivemos a oportunidade de acompanhar de perto os trabalhos da CCJ e as discuss\u00f5es sobre a redu\u00e7\u00e3o da jornada de trabalho de 44 para 40 horas semanais. \u00c9 um tema relevante, que precisa ser analisado com responsabilidade, considerando seus efeitos sobre trabalhadores, empresas, emprego e produtividade\u201d, afirmou o presidente da CBIC.<\/p>\n<p>Segundo Aroeira, a conversa com o senador refor\u00e7ou a percep\u00e7\u00e3o de que o tema ainda dever\u00e1 demandar amplo debate no Congresso Nacional. \u201cConversei com o senador Izalci Lucas, que destacou a complexidade da discuss\u00e3o e a necessidade de aprofundamento do tema. Uma mudan\u00e7a dessa dimens\u00e3o exige tempo, di\u00e1logo e, principalmente, estudos t\u00e9cnicos que permitam avaliar seus impactos. A CBIC tem se colocado \u00e0 disposi\u00e7\u00e3o do governo, da C\u00e2mara e do Senado para contribuir tecnicamente com esse debate\u201d, destacou.<\/p>\n<p>Eduardo aproveitou ainda a ida ao Senado para refor\u00e7ar que a CBIC continuar\u00e1 acompanhando a tramita\u00e7\u00e3o e contribuindo para que o Congresso tenha o m\u00e1ximo de informa\u00e7\u00f5es poss\u00edvel para uma decis\u00e3o equilibrada, que considere tanto os avan\u00e7os para os trabalhadores quanto a preserva\u00e7\u00e3o dos empregos.<\/p>\n<p>The post <a href=\"https:\/\/cbic.org.br\/presidente-da-cbic-acompanha-no-senado-discussao-sobre-reducao-da-jornada-de-trabalho\/\">Presidente da CBIC acompanha no Senado discuss\u00e3o sobre redu\u00e7\u00e3o da jornada de trabalho<\/a> appeared first on <a href=\"https:\/\/cbic.org.br\/\">CBIC \u2013 C\u00e2mara Brasileira da Industria da Constru\u00e7\u00e3o<\/a>.<\/p>","protected":false},"excerpt":{"rendered":"<p>O presidente da C\u00e2mara Brasileira da Ind\u00fastria da Constru\u00e7\u00e3o (CBIC), Eduardo Aroeira Almeida, esteve no Senado Federal na manh\u00e3 desta quarta-feira (2) para acompanhar as discuss\u00f5es na Comiss\u00e3o de Constitui\u00e7\u00e3o, Justi\u00e7a e Cidadania (CCJ) sobre a proposta que trata do fim da escala 6&#215;1 e&#8230;<\/p>\n","protected":false},"author":2,"featured_media":16970,"comment_status":"open","ping_status":"open","sticky":false,"template":"","format":"standard","meta":{"footnotes":""},"categories":[70],"tags":[],"class_list":["post-16969","post","type-post","status-publish","format-standard","has-post-thumbnail","hentry","category-mercado-imobiliario"],"_links":{"self":[{"href":"https:\/\/www.jpasini.com.br\/site\/wp-json\/wp\/v2\/posts\/16969","targetHints":{"allow":["GET"]}}],"collection":[{"href":"https:\/\/www.jpasini.com.br\/site\/wp-json\/wp\/v2\/posts"}],"about":[{"href":"https:\/\/www.jpasini.com.br\/site\/wp-json\/wp\/v2\/types\/post"}],"author":[{"embeddable":true,"href":"https:\/\/www.jpasini.com.br\/site\/wp-json\/wp\/v2\/users\/2"}],"replies":[{"embeddable":true,"href":"https:\/\/www.jpasini.com.br\/site\/wp-json\/wp\/v2\/comments?post=16969"}],"version-history":[{"count":0,"href":"https:\/\/www.jpasini.com.br\/site\/wp-json\/wp\/v2\/posts\/16969\/revisions"}],"wp:featuredmedia":[{"embeddable":true,"href":"https:\/\/www.jpasini.com.br\/site\/wp-json\/wp\/v2\/media\/16970"}],"wp:attachment":[{"href":"https:\/\/www.jpasini.com.br\/site\/wp-json\/wp\/v2\/media?parent=16969"}],"wp:term":[{"taxonomy":"category","embeddable":true,"href":"https:\/\/www.jpasini.com.br\/site\/wp-json\/wp\/v2\/categories?post=16969"},{"taxonomy":"post_tag","embeddable":true,"href":"https:\/\/www.jpasini.com.br\/site\/wp-json\/wp\/v2\/tags?post=16969"}],"curies":[{"name":"wp","href":"https:\/\/api.w.org\/{rel}","templated":true}]}}