{"id":16943,"date":"2026-08-27T18:30:04","date_gmt":"2026-08-27T21:30:04","guid":{"rendered":"https:\/\/www.jpasini.com.br\/site\/secovi-sp-homenageia-renato-correia-e-reconhece-conquistas-de-sua-gestao\/"},"modified":"2026-08-27T18:30:04","modified_gmt":"2026-08-27T21:30:04","slug":"secovi-sp-homenageia-renato-correia-e-reconhece-conquistas-de-sua-gestao","status":"publish","type":"post","link":"https:\/\/www.jpasini.com.br\/site\/secovi-sp-homenageia-renato-correia-e-reconhece-conquistas-de-sua-gestao\/","title":{"rendered":"SECOVI-SP homenageia Renato Correia e reconhece conquistas de sua gest\u00e3o"},"content":{"rendered":"<p><img decoding=\"async\" src=\"https:\/\/cbic.org.br\/wp-content\/uploads\/2026\/08\/whatsapp-image-2026-08-27-at-181327.jpeg\" class=\"attachment-post-thumbnail size-post-thumbnail wp-post-image\" alt=\"\" \/><\/p>\n<p>O presidente do Conselho Consultivo da C\u00e2mara Brasileira da Ind\u00fastria da Constru\u00e7\u00e3o (CBIC), Renato Correia, recebeu homenagem do Sindicato das Empresas de Compra, Venda, Loca\u00e7\u00e3o e Administra\u00e7\u00e3o de Im\u00f3veis Residenciais e Comerciais de S\u00e3o Paulo (SECOVI-SP) em reconhecimento \u00e0 sua gest\u00e3o \u00e0 frente da entidade nacional. Iniciativa do presidente executivo da institui\u00e7\u00e3o, Ely Wertheim, tamb\u00e9m vice-presidente de Ind\u00fastria Imobili\u00e1ria da entidade nacional, a distin\u00e7\u00e3o aconteceu durante reuni\u00e3o da Comiss\u00e3o da Ind\u00fastria Imobili\u00e1ria (CII), na tarde da quinta-feira (27), em S\u00e3o Paulo.<\/p>\n<p><a href=\"https:\/\/cbic.org.br\/secovi-sp-homenageia-renato-correia-e-reconhece-conquistas-de-sua-gestao\/whatsapp-image-2026-08-27-at-16-57-50\/\" rel=\"attachment wp-att-108671\"><img fetchpriority=\"high\" decoding=\"async\" class=\"aligncenter wp-image-108671 size-full\" src=\"https:\/\/cbic.org.br\/wp-content\/uploads\/2026\/08\/whatsapp-image-2026-08-27-at-165750.jpeg\" alt=\"\" width=\"1280\" height=\"720\" \/><\/a><\/p>\n<p>\u201cN\u00f3s quer\u00edamos trazer voc\u00ea aqui para fazer esta homenagem e agradecer todo o seu trabalho \u00e0 frente da CBIC\u201d, pontuou Wertheim, destacando a qualidade da gest\u00e3o e a parceria com Correia. Presente \u00e0 reuni\u00e3o, o presidente da AELO, Caio Portugal, tamb\u00e9m agradeceu ao ex-presidente, sublinhando a dedica\u00e7\u00e3o e parceria. O mandato de Correia foi encerrado em 30 de junho.<\/p>\n<p>\u201cEstou emocionado e honrado\u201d, disse o dirigente, que foi apanhado de surpresa. \u201c\u00c9 grande a minha admira\u00e7\u00e3o por todos voc\u00eas e pelo SECOVI\u201d. A homenagem contou com a presen\u00e7a do presidente da CBIC, Eduardo Aroeira Almeida, e integrantes da nova diretoria.<\/p>\n<p>\u00a0<\/p>\n<p>The post <a href=\"https:\/\/cbic.org.br\/secovi-sp-homenageia-renato-correia-e-reconhece-conquistas-de-sua-gestao\/\">SECOVI-SP homenageia Renato Correia e reconhece conquistas de sua gest\u00e3o<\/a> appeared first on <a href=\"https:\/\/cbic.org.br\/\">CBIC \u2013 C\u00e2mara Brasileira da Industria da Constru\u00e7\u00e3o<\/a>.<\/p>","protected":false},"excerpt":{"rendered":"<p>O presidente do Conselho Consultivo da C\u00e2mara Brasileira da Ind\u00fastria da Constru\u00e7\u00e3o (CBIC), Renato Correia, recebeu homenagem do Sindicato das Empresas de Compra, Venda, Loca\u00e7\u00e3o e Administra\u00e7\u00e3o de Im\u00f3veis Residenciais e Comerciais de S\u00e3o Paulo (SECOVI-SP) em reconhecimento \u00e0 sua gest\u00e3o \u00e0 frente da entidade&#8230;<\/p>\n","protected":false},"author":2,"featured_media":16944,"comment_status":"open","ping_status":"open","sticky":false,"template":"","format":"standard","meta":{"footnotes":""},"categories":[70],"tags":[],"class_list":["post-16943","post","type-post","status-publish","format-standard","has-post-thumbnail","hentry","category-mercado-imobiliario"],"_links":{"self":[{"href":"https:\/\/www.jpasini.com.br\/site\/wp-json\/wp\/v2\/posts\/16943","targetHints":{"allow":["GET"]}}],"collection":[{"href":"https:\/\/www.jpasini.com.br\/site\/wp-json\/wp\/v2\/posts"}],"about":[{"href":"https:\/\/www.jpasini.com.br\/site\/wp-json\/wp\/v2\/types\/post"}],"author":[{"embeddable":true,"href":"https:\/\/www.jpasini.com.br\/site\/wp-json\/wp\/v2\/users\/2"}],"replies":[{"embeddable":true,"href":"https:\/\/www.jpasini.com.br\/site\/wp-json\/wp\/v2\/comments?post=16943"}],"version-history":[{"count":0,"href":"https:\/\/www.jpasini.com.br\/site\/wp-json\/wp\/v2\/posts\/16943\/revisions"}],"wp:featuredmedia":[{"embeddable":true,"href":"https:\/\/www.jpasini.com.br\/site\/wp-json\/wp\/v2\/media\/16944"}],"wp:attachment":[{"href":"https:\/\/www.jpasini.com.br\/site\/wp-json\/wp\/v2\/media?parent=16943"}],"wp:term":[{"taxonomy":"category","embeddable":true,"href":"https:\/\/www.jpasini.com.br\/site\/wp-json\/wp\/v2\/categories?post=16943"},{"taxonomy":"post_tag","embeddable":true,"href":"https:\/\/www.jpasini.com.br\/site\/wp-json\/wp\/v2\/tags?post=16943"}],"curies":[{"name":"wp","href":"https:\/\/api.w.org\/{rel}","templated":true}]}}