{"id":16941,"date":"2026-08-27T18:34:59","date_gmt":"2026-08-27T21:34:59","guid":{"rendered":"https:\/\/www.jpasini.com.br\/site\/cbic-reune-setor-imobiliario-para-discutir-credito-reforma-tributaria-e-cenario-do-mercado\/"},"modified":"2026-08-27T18:34:59","modified_gmt":"2026-08-27T21:34:59","slug":"cbic-reune-setor-imobiliario-para-discutir-credito-reforma-tributaria-e-cenario-do-mercado","status":"publish","type":"post","link":"https:\/\/www.jpasini.com.br\/site\/cbic-reune-setor-imobiliario-para-discutir-credito-reforma-tributaria-e-cenario-do-mercado\/","title":{"rendered":"CBIC re\u00fane setor imobili\u00e1rio para discutir cr\u00e9dito, Reforma Tribut\u00e1ria e cen\u00e1rio do mercado"},"content":{"rendered":"<p><img decoding=\"async\" src=\"https:\/\/cbic.org.br\/wp-content\/uploads\/2026\/08\/whatsapp-image-2026-08-27-at-153958.jpeg\" class=\"attachment-post-thumbnail size-post-thumbnail wp-post-image\" alt=\"\" \/><\/p>\n<p>A amplia\u00e7\u00e3o do cr\u00e9dito imobili\u00e1rio, as perspectivas para o financiamento pelo SBPE, os impactos da regulamenta\u00e7\u00e3o da Reforma Tribut\u00e1ria e o cen\u00e1rio do mercado estiveram no centro dos debates da Rodada de Neg\u00f3cios do Mercado Imobili\u00e1rio, realizada nesta quinta-feira (27), em S\u00e3o Paulo. Promovido pela C\u00e2mara Brasileira da Ind\u00fastria da Constru\u00e7\u00e3o (CBIC), por meio da Comiss\u00e3o da Ind\u00fastria Imobili\u00e1ria (CII), o encontro reuniu representantes do setor e associados para discutir os principais desafios e oportunidades para o mercado imobili\u00e1rio.<\/p>\n<p>Na abertura do evento, ao lado do vice-presidente da Ind\u00fastria Imobili\u00e1ria da CBIC e presidente-executivo do Secovi-SP, Ely Wertheim, o presidente da CBIC, Eduardo Aroeira, destacou a import\u00e2ncia da troca de informa\u00e7\u00f5es entre os diferentes mercados do pa\u00eds. \u201c\u00c9 um momento importante para o mercado imobili\u00e1rio. Essa reuni\u00e3o \u00e9 importante para a gente conhecer os mercados regionais\u201d, afirmou.<\/p>\n<p>A programa\u00e7\u00e3o come\u00e7ou com a apresenta\u00e7\u00e3o de Romero Gomes de Albuquerque, diretor de Cr\u00e9dito Imobili\u00e1rio do Banco Bradesco, sobre as perspectivas do cr\u00e9dito imobili\u00e1rio e o funding para o setor. Segundo ele, a expectativa \u00e9 de que o financiamento pelo SBPE alcance R$ 185 bilh\u00f5es neste ano, mesmo diante do cen\u00e1rio de juros elevados.<\/p>\n<p>\u201cA gente vai ter um ano muito bom mesmo nesse n\u00edvel de taxa de juros alto e n\u00edveis de infla\u00e7\u00e3o. \u00c9 uma linha importante e resiliente porque a demanda existe sempre\u201d, afirmou Romero. Ele tamb\u00e9m destacou o interesse do banco em ampliar sua participa\u00e7\u00e3o no financiamento do Minha Casa, Minha Vida, especialmente nas faixas 3 e 4.<\/p>\n<p>O deputado federal Jo\u00e3o Cury tamb\u00e9m participou do encontro e recebeu uma homenagem. Em sua manifesta\u00e7\u00e3o, ressaltou a import\u00e2ncia da constru\u00e7\u00e3o para a economia brasileira. \u201cA constru\u00e7\u00e3o \u00e9 um setor essencial para o pa\u00eds pela infraestrutura e pela gera\u00e7\u00e3o de empregos\u201d, afirmou.<\/p>\n<p><a href=\"https:\/\/cbic.org.br\/cbic-reune-setor-imobiliario-para-discutir-credito-reforma-tributaria-e-cenario-do-mercado\/whatsapp-image-2026-08-27-at-15-40-02\/\" rel=\"attachment wp-att-108676\"><img fetchpriority=\"high\" decoding=\"async\" class=\"aligncenter wp-image-108676 size-full\" src=\"https:\/\/cbic.org.br\/wp-content\/uploads\/2026\/08\/whatsapp-image-2026-08-27-at-154002.jpeg\" alt=\"\" width=\"1280\" height=\"720\" \/><\/a><\/p>\n<p><strong>Reforma Tribut\u00e1ria exige aten\u00e7\u00e3o do setor<\/strong><\/p>\n<p>A regulamenta\u00e7\u00e3o da Reforma Tribut\u00e1ria tamb\u00e9m esteve entre os principais assuntos da Rodada. O debate contou com a participa\u00e7\u00e3o de representantes do setor, que destacaram a necessidade de di\u00e1logo com o governo e de aten\u00e7\u00e3o \u00e0s mudan\u00e7as que ter\u00e3o impacto sobre as empresas.<\/p>\n<p>Para Caio Portugal, vice-presidente de Desenvolvimento Urbano e Meio Ambiente do Secovi-SP e presidente da Associa\u00e7\u00e3o das Empresas de Loteamento e Desenvolvimento Urbano (AELO), a CBIC tem papel relevante na interlocu\u00e7\u00e3o com a Receita Federal.<\/p>\n<p>\u201c\u00c9 fundamental o papel da CBIC na condu\u00e7\u00e3o desse tema com a Receita Federal e estamos com um canal aberto. Precisamos discutir a prorroga\u00e7\u00e3o da implementa\u00e7\u00e3o, colocar o pr\u00f3ximo ano como um ano de teste, o que a gente n\u00e3o conseguiu fazer em 2026\u201d, afirmou.<\/p>\n<p>O presidente do Conselho de \u00c9tica da CBIC, Jos\u00e9 Carlos Gama, chamou aten\u00e7\u00e3o para tr\u00eas pontos que, segundo ele, exigem acompanhamento dos empres\u00e1rios durante a transi\u00e7\u00e3o para o novo sistema tribut\u00e1rio. O primeiro \u00e9 verificar se os fornecedores est\u00e3o deduzindo da base de c\u00e1lculo os tributos que deixar\u00e3o de existir. O segundo envolve as obriga\u00e7\u00f5es acess\u00f3rias. O terceiro \u00e9 o redutor de ajuste para empresas que possuem im\u00f3veis.<\/p>\n<p>The post <a href=\"https:\/\/cbic.org.br\/cbic-reune-setor-imobiliario-para-discutir-credito-reforma-tributaria-e-cenario-do-mercado\/\">CBIC re\u00fane setor imobili\u00e1rio para discutir cr\u00e9dito, Reforma Tribut\u00e1ria e cen\u00e1rio do mercado<\/a> appeared first on <a href=\"https:\/\/cbic.org.br\/\">CBIC \u2013 C\u00e2mara Brasileira da Industria da Constru\u00e7\u00e3o<\/a>.<\/p>","protected":false},"excerpt":{"rendered":"<p>A amplia\u00e7\u00e3o do cr\u00e9dito imobili\u00e1rio, as perspectivas para o financiamento pelo SBPE, os impactos da regulamenta\u00e7\u00e3o da Reforma Tribut\u00e1ria e o cen\u00e1rio do mercado estiveram no centro dos debates da Rodada de Neg\u00f3cios do Mercado Imobili\u00e1rio, realizada nesta quinta-feira (27), em S\u00e3o Paulo. Promovido pela&#8230;<\/p>\n","protected":false},"author":2,"featured_media":16942,"comment_status":"open","ping_status":"open","sticky":false,"template":"","format":"standard","meta":{"footnotes":""},"categories":[70],"tags":[],"class_list":["post-16941","post","type-post","status-publish","format-standard","has-post-thumbnail","hentry","category-mercado-imobiliario"],"_links":{"self":[{"href":"https:\/\/www.jpasini.com.br\/site\/wp-json\/wp\/v2\/posts\/16941","targetHints":{"allow":["GET"]}}],"collection":[{"href":"https:\/\/www.jpasini.com.br\/site\/wp-json\/wp\/v2\/posts"}],"about":[{"href":"https:\/\/www.jpasini.com.br\/site\/wp-json\/wp\/v2\/types\/post"}],"author":[{"embeddable":true,"href":"https:\/\/www.jpasini.com.br\/site\/wp-json\/wp\/v2\/users\/2"}],"replies":[{"embeddable":true,"href":"https:\/\/www.jpasini.com.br\/site\/wp-json\/wp\/v2\/comments?post=16941"}],"version-history":[{"count":0,"href":"https:\/\/www.jpasini.com.br\/site\/wp-json\/wp\/v2\/posts\/16941\/revisions"}],"wp:featuredmedia":[{"embeddable":true,"href":"https:\/\/www.jpasini.com.br\/site\/wp-json\/wp\/v2\/media\/16942"}],"wp:attachment":[{"href":"https:\/\/www.jpasini.com.br\/site\/wp-json\/wp\/v2\/media?parent=16941"}],"wp:term":[{"taxonomy":"category","embeddable":true,"href":"https:\/\/www.jpasini.com.br\/site\/wp-json\/wp\/v2\/categories?post=16941"},{"taxonomy":"post_tag","embeddable":true,"href":"https:\/\/www.jpasini.com.br\/site\/wp-json\/wp\/v2\/tags?post=16941"}],"curies":[{"name":"wp","href":"https:\/\/api.w.org\/{rel}","templated":true}]}}