{"id":16929,"date":"2026-08-26T18:00:34","date_gmt":"2026-08-26T21:00:34","guid":{"rendered":"https:\/\/www.jpasini.com.br\/site\/cbic-participa-do-summit-da-construcao-civil-2026-em-santos-com-debates-sobre-os-novos-caminhos-do-setor\/"},"modified":"2026-08-26T18:00:34","modified_gmt":"2026-08-26T21:00:34","slug":"cbic-participa-do-summit-da-construcao-civil-2026-em-santos-com-debates-sobre-os-novos-caminhos-do-setor","status":"publish","type":"post","link":"https:\/\/www.jpasini.com.br\/site\/cbic-participa-do-summit-da-construcao-civil-2026-em-santos-com-debates-sobre-os-novos-caminhos-do-setor\/","title":{"rendered":"CBIC participa do Summit da Constru\u00e7\u00e3o Civil 2026, em Santos, com debates sobre os novos caminhos do setor\u00a0"},"content":{"rendered":"<p><img decoding=\"async\" src=\"https:\/\/cbic.org.br\/wp-content\/uploads\/2026\/08\/whatsapp-image-2026-08-25-at-105255-pm.jpeg\" class=\"attachment-post-thumbnail size-post-thumbnail wp-post-image\" alt=\"\" \/><\/p>\n<p>A C\u00e2mara Brasileira da Ind\u00fastria da Constru\u00e7\u00e3o (CBIC) participou, na \u00faltima ter\u00e7a-feira (25), do Summit da Constru\u00e7\u00e3o Civil 2026, realizado em Santos. Promovido pelo Grupo Tribuna, com apoio da Associa\u00e7\u00e3o dos Empres\u00e1rios da Constru\u00e7\u00e3o Civil da Baixada Santista (ASSECOB) na organiza\u00e7\u00e3o da programa\u00e7\u00e3o, o evento reuniu lideran\u00e7as empresariais, representantes do poder p\u00fablico e especialistas para discutir os principais desafios, transforma\u00e7\u00f5es e oportunidades para a constru\u00e7\u00e3o civil e o mercado imobili\u00e1rio.<\/p>\n<p>O presidente-executivo da CBIC, Fernando Guedes Ferreira Filho, foi respons\u00e1vel pela palestra de abertura do Summit, que ao longo de todo o dia colocou em debate temas estrat\u00e9gicos para o desenvolvimento do setor, como cen\u00e1rio econ\u00f4mico e pol\u00edtico, comportamento do consumidor, inova\u00e7\u00e3o, intelig\u00eancia artificial, desenvolvimento urbano, verticaliza\u00e7\u00e3o, seguran\u00e7a jur\u00eddica, sustentabilidade e novas oportunidades para o mercado imobili\u00e1rio.<\/p>\n<p>A abertura tamb\u00e9m contou com a participa\u00e7\u00e3o dos prefeitos de Santos, Rog\u00e9rio Santos; de S\u00e3o Vicente,\u00a0Kayo\u00a0Amado; e de Praia Grande, Alberto Mour\u00e3o; al\u00e9m do vice-presidente do Interior do\u00a0SindusCon-SP, Victor Bassam de Almeida.<\/p>\n<p>Na sequ\u00eancia, o painel \u201cInd\u00fastria e Mercado\u201d contou com a participa\u00e7\u00e3o do vice-presidente da \u00c1rea de Ind\u00fastria Imobili\u00e1ria da CBIC, Ely Wertheim, e do presidente-executivo do\u00a0SindusCon-SP, Eduardo Zaidan. O debate abordou o momento atual da ind\u00fastria da constru\u00e7\u00e3o e do mercado imobili\u00e1rio, al\u00e9m das perspectivas para o setor diante do cen\u00e1rio econ\u00f4mico.<\/p>\n<p>A programa\u00e7\u00e3o tamb\u00e9m contou com a palestra \u201cFundings\u201d, apresentada pelo diretor de Economia do Secovi-SP, Celso Petrucci, que discutiu alternativas e perspectivas relacionadas ao financiamento e \u00e0 estrutura\u00e7\u00e3o de recursos para o mercado imobili\u00e1rio.<\/p>\n<p>Entre os temas diretamente relacionados \u00e0 realidade da Baixada Santista, a apresenta\u00e7\u00e3o \u201cTr\u00eas anos de Aprova Santos: avan\u00e7os e pr\u00f3ximos passos\u201d foi conduzida pela secret\u00e1ria de Obras e Edifica\u00e7\u00f5es de Santos, Larissa Oliveira Cordeiro, que\u00a0apresentou um balan\u00e7o do sistema de aprova\u00e7\u00e3o e os pr\u00f3ximos desafios para o desenvolvimento urbano da cidade.<\/p>\n<p><strong>Cen\u00e1rio econ\u00f4mico e inova\u00e7\u00e3o\u00a0<\/strong><\/p>\n<p>O cen\u00e1rio pol\u00edtico e econ\u00f4mico tamb\u00e9m esteve no centro das discuss\u00f5es. O colunista pol\u00edtico e econ\u00f4mico Emanuel Pessoa apresentou a palestra \u201cBrasil 2027: cen\u00e1rios internos e externos entre oportunidades e incertezas\u201d, trazendo uma an\u00e1lise sobre os fatores que poder\u00e3o influenciar a economia e os neg\u00f3cios no pr\u00f3ximo ciclo.<\/p>\n<p>No per\u00edodo da tarde, a inova\u00e7\u00e3o ganhou espa\u00e7o com a palestra \u201cIntelig\u00eancia Artificial na pr\u00e1tica\u201d, apresentada pelo engenheiro civil e fundador da Grifo Engenharia, Daniel Gedeon. A discuss\u00e3o mostrou como a\u00a0IA\u00a0pode contribuir para o aumento da produtividade e da competitividade das empresas da constru\u00e7\u00e3o civil.<\/p>\n<p>Outro momento de destaque foi o painel \u201cDesmistificando a\u00a0Verticaliza\u00e7\u00e3o\u201d, que reuniu o secret\u00e1rio de Meio Ambiente, Desenvolvimento Urbano e Sustentabilidade de Santos,\u00a0Glaucus\u00a0Farinello, o presidente da ASSECOB, Mateus Teixeira, e o arquiteto, urbanista e professor titular da FAU Mackenzie, Valter Caldana.\u00a0O debate tratou de um dos temas mais relevantes para cidades como Santos: o processo de verticaliza\u00e7\u00e3o e seus impactos sobre o planejamento urbano, a ocupa\u00e7\u00e3o do territ\u00f3rio, a infraestrutura e o desenvolvimento sustent\u00e1vel.<\/p>\n<p><strong>Seguran\u00e7a jur\u00eddica e sustentabilidade\u00a0<\/strong><\/p>\n<p>A seguran\u00e7a jur\u00eddica tamb\u00e9m integrou a programa\u00e7\u00e3o, com apresenta\u00e7\u00e3o do conselheiro jur\u00eddico do Secovi-SP, Olivar Vitale. J\u00e1 a sustentabilidade foi tema do painel \u201cEnergia limpa nas constru\u00e7\u00f5es: redu\u00e7\u00e3o de custos e sustentabilidade\u201d, conduzido por Andr\u00e9 de Fazio Neto e Cl\u00e1udio Bastos, respectivamente presidente e diretor de Meio Ambiente da Associa\u00e7\u00e3o de Engenheiros e Arquitetos de Santos.<\/p>\n<p>Encerrando o evento, o\u00a0s\u00f3cio-consultor\u00a0da\u00a0Brain\u00a0Intelig\u00eancia Estrat\u00e9gica, Marcelo Gon\u00e7alves, apresentou a palestra \u201cQuem compra, como mora e o que procura: tend\u00eancias do novo mercado\u201d, com informa\u00e7\u00f5es sobre o comportamento do consumidor e as transforma\u00e7\u00f5es que v\u00eam influenciando a oferta de produtos imobili\u00e1rios.<\/p>\n\n<p>The post <a href=\"https:\/\/cbic.org.br\/cbic-participa-do-summit-da-construcao-civil-2026-em-santos-com-debates-sobre-os-novos-caminhos-do-setor\/\">CBIC participa do Summit da Constru\u00e7\u00e3o Civil 2026, em Santos, com debates sobre os novos caminhos do setor\u00a0<\/a> appeared first on <a href=\"https:\/\/cbic.org.br\/\">CBIC \u2013 C\u00e2mara Brasileira da Industria da Constru\u00e7\u00e3o<\/a>.<\/p>","protected":false},"excerpt":{"rendered":"<p>A C\u00e2mara Brasileira da Ind\u00fastria da Constru\u00e7\u00e3o (CBIC) participou, na \u00faltima ter\u00e7a-feira (25), do Summit da Constru\u00e7\u00e3o Civil 2026, realizado em Santos. Promovido pelo Grupo Tribuna, com apoio da Associa\u00e7\u00e3o dos Empres\u00e1rios da Constru\u00e7\u00e3o Civil da Baixada Santista (ASSECOB) na organiza\u00e7\u00e3o da programa\u00e7\u00e3o, o evento&#8230;<\/p>\n","protected":false},"author":2,"featured_media":16930,"comment_status":"open","ping_status":"open","sticky":false,"template":"","format":"standard","meta":{"footnotes":""},"categories":[70],"tags":[],"class_list":["post-16929","post","type-post","status-publish","format-standard","has-post-thumbnail","hentry","category-mercado-imobiliario"],"_links":{"self":[{"href":"https:\/\/www.jpasini.com.br\/site\/wp-json\/wp\/v2\/posts\/16929","targetHints":{"allow":["GET"]}}],"collection":[{"href":"https:\/\/www.jpasini.com.br\/site\/wp-json\/wp\/v2\/posts"}],"about":[{"href":"https:\/\/www.jpasini.com.br\/site\/wp-json\/wp\/v2\/types\/post"}],"author":[{"embeddable":true,"href":"https:\/\/www.jpasini.com.br\/site\/wp-json\/wp\/v2\/users\/2"}],"replies":[{"embeddable":true,"href":"https:\/\/www.jpasini.com.br\/site\/wp-json\/wp\/v2\/comments?post=16929"}],"version-history":[{"count":0,"href":"https:\/\/www.jpasini.com.br\/site\/wp-json\/wp\/v2\/posts\/16929\/revisions"}],"wp:featuredmedia":[{"embeddable":true,"href":"https:\/\/www.jpasini.com.br\/site\/wp-json\/wp\/v2\/media\/16930"}],"wp:attachment":[{"href":"https:\/\/www.jpasini.com.br\/site\/wp-json\/wp\/v2\/media?parent=16929"}],"wp:term":[{"taxonomy":"category","embeddable":true,"href":"https:\/\/www.jpasini.com.br\/site\/wp-json\/wp\/v2\/categories?post=16929"},{"taxonomy":"post_tag","embeddable":true,"href":"https:\/\/www.jpasini.com.br\/site\/wp-json\/wp\/v2\/tags?post=16929"}],"curies":[{"name":"wp","href":"https:\/\/api.w.org\/{rel}","templated":true}]}}