{"id":16927,"date":"2026-08-27T14:59:22","date_gmt":"2026-08-27T17:59:22","guid":{"rendered":"https:\/\/www.jpasini.com.br\/site\/nr-01-nova-redacao-altera-criterios-para-avaliacao-de-riscos-ocupacionais\/"},"modified":"2026-08-27T14:59:22","modified_gmt":"2026-08-27T17:59:22","slug":"nr-01-nova-redacao-altera-criterios-para-avaliacao-de-riscos-ocupacionais","status":"publish","type":"post","link":"https:\/\/www.jpasini.com.br\/site\/nr-01-nova-redacao-altera-criterios-para-avaliacao-de-riscos-ocupacionais\/","title":{"rendered":"NR 01: nova reda\u00e7\u00e3o altera crit\u00e9rios para avalia\u00e7\u00e3o de riscos ocupacionais\u00a0"},"content":{"rendered":"<p><img decoding=\"async\" src=\"https:\/\/cbic.org.br\/wp-content\/uploads\/2026\/08\/5.png\" class=\"attachment-post-thumbnail size-post-thumbnail wp-post-image\" alt=\"\" \/><\/p>\n<p><span data-contrast=\"auto\">A nova reda\u00e7\u00e3o do item 1.5.4.4 da Norma Regulamentadora n\u00ba 01 (NR 01), vigente desde 26 de maio de 2026, trouxe mudan\u00e7as nos crit\u00e9rios para avalia\u00e7\u00e3o, grada\u00e7\u00e3o e classifica\u00e7\u00e3o dos riscos ocupacionais.<\/span><span data-ccp-props=\"{&quot;335551550&quot;:6,&quot;335551620&quot;:6}\">\u00a0<\/span><\/p>\n<p><span data-contrast=\"auto\">Entre as principais altera\u00e7\u00f5es est\u00e1 a defini\u00e7\u00e3o de que o\u00a0n\u00edvel de risco ocupacional\u00a0deve ser determinado pela combina\u00e7\u00e3o da severidade das poss\u00edveis les\u00f5es ou agravos \u00e0 sa\u00fade com a\u00a0probabilidade de sua ocorr\u00eancia. A nova reda\u00e7\u00e3o tamb\u00e9m determina que a organiza\u00e7\u00e3o documente os crit\u00e9rios utilizados para a grada\u00e7\u00e3o de severidade e probabilidade, os n\u00edveis de risco, a classifica\u00e7\u00e3o dos riscos e a tomada de decis\u00e3o no gerenciamento de riscos ocupacionais.<\/span><span data-ccp-props=\"{&quot;335551550&quot;:6,&quot;335551620&quot;:6}\">\u00a0<\/span><\/p>\n<p><span data-contrast=\"auto\">Outra mudan\u00e7a est\u00e1 no crit\u00e9rio de avalia\u00e7\u00e3o da\u00a0severidade. A partir da nova reda\u00e7\u00e3o, ela deve ser estabelecida de acordo com a magnitude das poss\u00edveis consequ\u00eancias das les\u00f5es ou agravos \u00e0 sa\u00fade. Quando houver mais de uma consequ\u00eancia poss\u00edvel para um mesmo perigo identificado, deve ser considerada aquela de maior magnitude.<\/span><span data-ccp-props=\"{&quot;335551550&quot;:6,&quot;335551620&quot;:6}\">\u00a0<\/span><\/p>\n<p><span data-contrast=\"auto\">Em rela\u00e7\u00e3o \u00e0\u00a0probabilidade, a norma estabelece que ela deve ser definida com base na chance de ocorr\u00eancia das les\u00f5es ou agravos \u00e0 sa\u00fade. A grada\u00e7\u00e3o deve considerar o cumprimento dos requisitos previstos nas Normas Regulamentadoras e na legisla\u00e7\u00e3o aplic\u00e1vel.<\/span><span data-ccp-props=\"{&quot;335551550&quot;:6,&quot;335551620&quot;:6}\">\u00a0<\/span><\/p>\n<p><span data-contrast=\"auto\">A nova reda\u00e7\u00e3o tamb\u00e9m\u00a0especifica\u00a0crit\u00e9rios conforme a natureza do perigo. Para perigos\u00a0f\u00edsicos, qu\u00edmicos e biol\u00f3gicos, devem ser considerados o perfil de exposi\u00e7\u00e3o ocupacional, valores de refer\u00eancia ou outros crit\u00e9rios estabelecidos na NR 09, al\u00e9m da efic\u00e1cia das medidas de preven\u00e7\u00e3o implementadas. Para\u00a0fatores ergon\u00f4micos, incluindo os riscos psicossociais relacionados ao trabalho, devem ser avaliadas as exig\u00eancias da atividade e a efic\u00e1cia das medidas preventivas. J\u00e1 para os riscos decorrentes de\u00a0acidentes, devem ser consideradas a exposi\u00e7\u00e3o do trabalhador ao perigo e a efic\u00e1cia das medidas de preven\u00e7\u00e3o.<\/span><span data-ccp-props=\"{&quot;335551550&quot;:6,&quot;335551620&quot;:6}\">\u00a0<\/span><\/p>\n<p><span data-contrast=\"auto\">A norma mant\u00e9m a exig\u00eancia de que, ap\u00f3s a determina\u00e7\u00e3o dos n\u00edveis de risco, os riscos ocupacionais sejam classificados para identificar a necessidade de ado\u00e7\u00e3o ou manuten\u00e7\u00e3o de medidas de preven\u00e7\u00e3o e elabora\u00e7\u00e3o do plano de a\u00e7\u00e3o.<\/span><span data-ccp-props=\"{&quot;335551550&quot;:6,&quot;335551620&quot;:6}\">\u00a0<\/span><\/p>\n<p><span data-contrast=\"auto\">Tamb\u00e9m houve altera\u00e7\u00e3o nas situa\u00e7\u00f5es que exigem a revis\u00e3o da avalia\u00e7\u00e3o de riscos. Al\u00e9m das hip\u00f3teses j\u00e1 previstas, a nova reda\u00e7\u00e3o inclui a revis\u00e3o\u00a0ap\u00f3s solicita\u00e7\u00e3o justificada dos trabalhadores ou da CIPA, quando houver.<\/span><span data-ccp-props=\"{&quot;335551550&quot;:6,&quot;335551620&quot;:6}\">\u00a0<\/span><\/p>\n<p><span data-contrast=\"auto\">Por fim, permanece a previs\u00e3o de revis\u00e3o da avalia\u00e7\u00e3o de riscos a cada dois anos, ou em situa\u00e7\u00f5es espec\u00edficas previstas na norma, e de prazo de at\u00e9 tr\u00eas anos para organiza\u00e7\u00f5es que possuam certifica\u00e7\u00f5es em sistema de gest\u00e3o de Seguran\u00e7a e Sa\u00fade no Trabalho (SST).<\/span><span data-ccp-props=\"{&quot;335551550&quot;:6,&quot;335551620&quot;:6}\">\u00a0<\/span><\/p>\n<p><span data-contrast=\"auto\">O tema tem interface com o projeto &#8220;Monitoramento de dados de Sa\u00fade e Seguran\u00e7a no Trabalho e Rela\u00e7\u00f5es Trabalhistas e iniciativas de preven\u00e7\u00e3o de acidentes e valoriza\u00e7\u00e3o do trabalhador&#8221;, da Comiss\u00e3o de Pol\u00edtica de Rela\u00e7\u00f5es Trabalhistas (CPRT) da CBIC, em parceria com o Servi\u00e7o Social da Ind\u00fastria (Sesi).<\/span><span data-ccp-props=\"{&quot;335551550&quot;:6,&quot;335551620&quot;:6}\">\u00a0<\/span><\/p>\n<p><span data-ccp-props=\"{&quot;335551550&quot;:6,&quot;335551620&quot;:6}\">\u00a0<\/span><\/p>\n<p>The post <a href=\"https:\/\/cbic.org.br\/nr-01-nova-redacao-altera-criterios-para-avaliacao-de-riscos-ocupacionais\/\">NR 01: nova reda\u00e7\u00e3o altera crit\u00e9rios para avalia\u00e7\u00e3o de riscos ocupacionais\u00a0<\/a> appeared first on <a href=\"https:\/\/cbic.org.br\/\">CBIC \u2013 C\u00e2mara Brasileira da Industria da Constru\u00e7\u00e3o<\/a>.<\/p>","protected":false},"excerpt":{"rendered":"<p>A nova reda\u00e7\u00e3o do item 1.5.4.4 da Norma Regulamentadora n\u00ba 01 (NR 01), vigente desde 26 de maio de 2026, trouxe mudan\u00e7as nos crit\u00e9rios para avalia\u00e7\u00e3o, grada\u00e7\u00e3o e classifica\u00e7\u00e3o dos riscos ocupacionais.\u00a0 Entre as principais altera\u00e7\u00f5es est\u00e1 a defini\u00e7\u00e3o de que o\u00a0n\u00edvel de risco ocupacional\u00a0deve&#8230;<\/p>\n","protected":false},"author":2,"featured_media":16928,"comment_status":"open","ping_status":"open","sticky":false,"template":"","format":"standard","meta":{"footnotes":""},"categories":[70],"tags":[],"class_list":["post-16927","post","type-post","status-publish","format-standard","has-post-thumbnail","hentry","category-mercado-imobiliario"],"_links":{"self":[{"href":"https:\/\/www.jpasini.com.br\/site\/wp-json\/wp\/v2\/posts\/16927","targetHints":{"allow":["GET"]}}],"collection":[{"href":"https:\/\/www.jpasini.com.br\/site\/wp-json\/wp\/v2\/posts"}],"about":[{"href":"https:\/\/www.jpasini.com.br\/site\/wp-json\/wp\/v2\/types\/post"}],"author":[{"embeddable":true,"href":"https:\/\/www.jpasini.com.br\/site\/wp-json\/wp\/v2\/users\/2"}],"replies":[{"embeddable":true,"href":"https:\/\/www.jpasini.com.br\/site\/wp-json\/wp\/v2\/comments?post=16927"}],"version-history":[{"count":0,"href":"https:\/\/www.jpasini.com.br\/site\/wp-json\/wp\/v2\/posts\/16927\/revisions"}],"wp:featuredmedia":[{"embeddable":true,"href":"https:\/\/www.jpasini.com.br\/site\/wp-json\/wp\/v2\/media\/16928"}],"wp:attachment":[{"href":"https:\/\/www.jpasini.com.br\/site\/wp-json\/wp\/v2\/media?parent=16927"}],"wp:term":[{"taxonomy":"category","embeddable":true,"href":"https:\/\/www.jpasini.com.br\/site\/wp-json\/wp\/v2\/categories?post=16927"},{"taxonomy":"post_tag","embeddable":true,"href":"https:\/\/www.jpasini.com.br\/site\/wp-json\/wp\/v2\/tags?post=16927"}],"curies":[{"name":"wp","href":"https:\/\/api.w.org\/{rel}","templated":true}]}}