{"id":16925,"date":"2026-08-27T15:02:41","date_gmt":"2026-08-27T18:02:41","guid":{"rendered":"https:\/\/www.jpasini.com.br\/site\/workshop-apresenta-metodologia-para-mensurar-impactos-da-reducao-da-jornada-de-trabalho-na-construcao-civil\/"},"modified":"2026-08-27T15:02:41","modified_gmt":"2026-08-27T18:02:41","slug":"workshop-apresenta-metodologia-para-mensurar-impactos-da-reducao-da-jornada-de-trabalho-na-construcao-civil","status":"publish","type":"post","link":"https:\/\/www.jpasini.com.br\/site\/workshop-apresenta-metodologia-para-mensurar-impactos-da-reducao-da-jornada-de-trabalho-na-construcao-civil\/","title":{"rendered":"Workshop apresenta metodologia para mensurar impactos da redu\u00e7\u00e3o da jornada de trabalho na constru\u00e7\u00e3o civil\u00a0"},"content":{"rendered":"<p><img decoding=\"async\" src=\"https:\/\/cbic.org.br\/wp-content\/uploads\/2026\/08\/captura-de-tela-2026-08-27-150110.png\" class=\"attachment-post-thumbnail size-post-thumbnail wp-post-image\" alt=\"\" \/><\/p>\n<p><span data-contrast=\"auto\">A C\u00e2mara Brasileira da Ind\u00fastria da Constru\u00e7\u00e3o (CBIC), por meio da Comiss\u00e3o de Pol\u00edtica de Rela\u00e7\u00f5es Trabalhistas (CPRT), promoveu nesta quarta-feira (26) o workshop \u201cOs Impactos Reais da Redu\u00e7\u00e3o da Jornada de Trabalho nos Encargos Sociais \u2013 Uma Metodologia de C\u00e1lculo\u201d. Realizado em parceria com o Sinduscon-SP e o Sinduscon-MG, com correaliza\u00e7\u00e3o do SESI e apoio do Instituto Mau\u00e1 de Tecnologia, o encontro reuniu especialistas para discutir, a partir de dados e c\u00e1lculos t\u00e9cnicos, os poss\u00edveis efeitos de uma redu\u00e7\u00e3o da jornada de trabalho sobre os encargos sociais, os custos da m\u00e3o de obra, a produtividade e a atividade da constru\u00e7\u00e3o civil.<\/span><span data-ccp-props=\"{&quot;134233117&quot;:false,&quot;134233118&quot;:false,&quot;201341983&quot;:0,&quot;335551550&quot;:6,&quot;335551620&quot;:6,&quot;335559685&quot;:0,&quot;335559737&quot;:0,&quot;335559738&quot;:0,&quot;335559739&quot;:160,&quot;335559740&quot;:279}\">\u00a0<\/span><\/p>\n<p><span data-contrast=\"auto\">A abertura foi conduzida pelo\u00a0vice-presidente da \u00e1rea de Pol\u00edtica de Rela\u00e7\u00f5es Trabalhistas da CBIC e diretor de Gente do Sinduscon-SP, David Fratel, que destacou a import\u00e2ncia de qualificar o debate sobre o tema. Ao apresentar a metodologia desenvolvida para mensurar os impactos de uma eventual mudan\u00e7a na jornada, Fratel ressaltou a necessidade de compreender os efeitos da medida sobre empresas, trabalhadores e a economia.<\/span><span data-ccp-props=\"{&quot;134233117&quot;:false,&quot;134233118&quot;:false,&quot;201341983&quot;:0,&quot;335551550&quot;:6,&quot;335551620&quot;:6,&quot;335559685&quot;:0,&quot;335559737&quot;:0,&quot;335559738&quot;:0,&quot;335559739&quot;:160,&quot;335559740&quot;:279}\">\u00a0<\/span><\/p>\n<p><span data-contrast=\"auto\">Tamb\u00e9m participaram do workshop a economista-chefe da CBIC, Ieda Vasconcelos, e o presidente executivo do Sinduscon-SP, Eduardo Zaidan, que abordaram, respectivamente, os impactos da medida para o setor e o cen\u00e1rio econ\u00f4mico e de custos da constru\u00e7\u00e3o.<\/span><span data-ccp-props=\"{&quot;335551550&quot;:6,&quot;335551620&quot;:6}\">\u00a0<\/span><\/p>\n<p><b><span data-contrast=\"auto\">Impactos sobre custos e produtividade<\/span><\/b><span data-ccp-props=\"{&quot;335551550&quot;:6,&quot;335551620&quot;:6}\">\u00a0<\/span><\/p>\n<p><span data-contrast=\"auto\">Durante a apresenta\u00e7\u00e3o, Fratel detalhou os resultados de uma simula\u00e7\u00e3o que considera a redu\u00e7\u00e3o da jornada semanal de 44 para 40 horas, sem diminui\u00e7\u00e3o dos sal\u00e1rios. Segundo os c\u00e1lculos apresentados, a medida reduziria as horas produtivas anuais e elevaria os encargos trabalhistas incidentes sobre a m\u00e3o de obra.<\/span><span data-ccp-props=\"{&quot;335551550&quot;:6,&quot;335551620&quot;:6}\">\u00a0<\/span><\/p>\n<p><span data-contrast=\"auto\">De acordo com a metodologia exposta no workshop, a efici\u00eancia produtiva passaria de 74,4% para 62,6%, enquanto os encargos sociais e trabalhistas totais da constru\u00e7\u00e3o civil saltariam de 131,31% para 171,14%. O estudo tamb\u00e9m apontou que, para cada R$ 1,00 de sal\u00e1rio nominal pago ao trabalhador, o custo real no canteiro de obras passaria de R$ 2,31 para R$ 2,71, representando aumento de 17,21% no custo da m\u00e3o de obra.<\/span><span data-ccp-props=\"{&quot;335551550&quot;:6,&quot;335551620&quot;:6}\">\u00a0<\/span><\/p>\n<p><span data-contrast=\"auto\">\u201cA redu\u00e7\u00e3o da jornada \u00e9 um caminho natural das rela\u00e7\u00f5es de trabalho, desde que obede\u00e7a \u00e0 sequ\u00eancia correta da evolu\u00e7\u00e3o industrial: qualifica\u00e7\u00e3o, industrializa\u00e7\u00e3o, ganho real de produtividade e, ent\u00e3o, redu\u00e7\u00e3o da jornada\u201d, afirmou Fratel.<\/span><span data-ccp-props=\"{&quot;335551550&quot;:6,&quot;335551620&quot;:6}\">\u00a0<\/span><\/p>\n<p><span data-contrast=\"auto\">Fratel\u00a0ressaltou que a constru\u00e7\u00e3o civil, por sua elevada depend\u00eancia de m\u00e3o de obra, precisa avan\u00e7ar na industrializa\u00e7\u00e3o e na redu\u00e7\u00e3o de perdas para absorver mudan\u00e7as na jornada. Na avalia\u00e7\u00e3o do dirigente, decis\u00f5es sobre o tema devem considerar os impactos sobre os custos e a capacidade produtiva do setor.<\/span><span data-ccp-props=\"{&quot;134233117&quot;:false,&quot;134233118&quot;:false,&quot;201341983&quot;:0,&quot;335551550&quot;:6,&quot;335551620&quot;:6,&quot;335559685&quot;:0,&quot;335559737&quot;:0,&quot;335559738&quot;:0,&quot;335559739&quot;:160,&quot;335559740&quot;:279}\">\u00a0<\/span><\/p>\n<p><span data-contrast=\"auto\">\u201cDecis\u00f5es macroecon\u00f4micas precisam de base t\u00e9cnica e responsabilidade or\u00e7ament\u00e1ria, n\u00e3o de urg\u00eancia pol\u00edtica\u201d, concluiu.\u00a0<\/span><span data-ccp-props=\"{&quot;335551550&quot;:6,&quot;335551620&quot;:6}\">\u00a0<\/span><\/p>\n<p><b><span data-contrast=\"auto\">Reflexos para a atividade econ\u00f4mica<\/span><\/b><span data-ccp-props=\"{&quot;335551550&quot;:6,&quot;335551620&quot;:6}\">\u00a0<\/span><\/p>\n<p><span data-contrast=\"auto\">A economista-chefe da CBIC, Ieda Vasconcelos, apresentou proje\u00e7\u00f5es elaboradas a partir de dados da Rela\u00e7\u00e3o Anual de Informa\u00e7\u00f5es Sociais (RAIS) e avaliou os poss\u00edveis reflexos da redu\u00e7\u00e3o da jornada sobre o mercado de trabalho e a atividade da constru\u00e7\u00e3o civil.<\/span><span data-ccp-props=\"{&quot;335551550&quot;:6,&quot;335551620&quot;:6}\">\u00a0<\/span><\/p>\n<p><span data-contrast=\"auto\">Segundo os estudos apresentados, a redu\u00e7\u00e3o da jornada representaria uma diminui\u00e7\u00e3o de aproximadamente 600 milh\u00f5es de horas trabalhadas por ano no setor.<\/span><span data-ccp-props=\"{&quot;335551550&quot;:6,&quot;335551620&quot;:6}\">\u00a0<\/span><\/p>\n<p><span data-contrast=\"auto\">Para compensar essa perda de horas, a constru\u00e7\u00e3o civil teria, de acordo com a an\u00e1lise, tr\u00eas alternativas: reduzir o n\u00edvel de atividade, ampliar a utiliza\u00e7\u00e3o de horas extras ou contratar novos trabalhadores. No cen\u00e1rio de reposi\u00e7\u00e3o integral das horas por meio de novas contrata\u00e7\u00f5es, seriam necess\u00e1rios cerca de 300 mil profissionais adicionais para manter o atual n\u00edvel de atividade.<\/span><span data-ccp-props=\"{&quot;335551550&quot;:6,&quot;335551620&quot;:6}\">\u00a0<\/span><\/p>\n<p><span data-contrast=\"auto\">Ieda tamb\u00e9m chamou aten\u00e7\u00e3o para os poss\u00edveis efeitos sobre os custos dos empreendimentos e, consequentemente, sobre a oferta de moradias e o financiamento habitacional. Pelas estimativas apresentadas, o aumento dos custos decorrente da redu\u00e7\u00e3o da jornada poderia afetar o n\u00famero de unidades financiadas pelos programas habitacionais, ampliando os desafios relacionados ao d\u00e9ficit habitacional brasileiro.<\/span><span data-ccp-props=\"{&quot;335551550&quot;:6,&quot;335551620&quot;:6}\">\u00a0<\/span><\/p>\n<p><span data-contrast=\"auto\">\u201cNingu\u00e9m \u00e9 contra qualquer melhoria de benef\u00edcios para o trabalhador. O que n\u00f3s discutimos \u00e9 de que forma isso pode acontecer para que n\u00e3o haja preju\u00edzo l\u00e1\u00a0pra\u00a0frente para o pr\u00f3prio trabalhador\u201d, afirmou Ieda.<\/span><span data-ccp-props=\"{&quot;335551550&quot;:6,&quot;335551620&quot;:6}\">\u00a0<\/span><\/p>\n<p><b><span data-contrast=\"auto\">Cen\u00e1rio econ\u00f4mico e custos da constru\u00e7\u00e3o<\/span><\/b><span data-ccp-props=\"{&quot;335551550&quot;:6,&quot;335551620&quot;:6}\">\u00a0<\/span><\/p>\n<p><span data-contrast=\"auto\">Eduardo Zaidan destacou que a constru\u00e7\u00e3o civil j\u00e1 enfrenta desafios relacionados \u00e0 escassez de m\u00e3o de obra, aos juros elevados e \u00e0s mudan\u00e7as decorrentes da reforma tribut\u00e1ria. Na avalia\u00e7\u00e3o do dirigente, uma eventual redu\u00e7\u00e3o da jornada deve ser analisada considerando o cen\u00e1rio atual do setor e seus impactos sobre os custos e a capacidade de execu\u00e7\u00e3o dos empreendimentos.<\/span><span data-ccp-props=\"{&quot;335551550&quot;:6,&quot;335551620&quot;:6}\">\u00a0<\/span><\/p>\n<p><span data-contrast=\"auto\">A dificuldade de encontrar trabalhadores tamb\u00e9m foi destacada durante a apresenta\u00e7\u00e3o. \u201cQuando voc\u00ea tem um problema, escassez de trabalhadores, na hora que voc\u00ea diminui as horas trabalhadas, voc\u00ea teria que botar mais trabalhadores\u201d, pontuou.<\/span><span data-ccp-props=\"{&quot;335551550&quot;:6,&quot;335551620&quot;:6}\">\u00a0<\/span><\/p>\n<p><span data-contrast=\"auto\">O tema tem interface com o projeto \u201cMonitoramento de dados de Sa\u00fade e Seguran\u00e7a no Trabalho e Rela\u00e7\u00f5es Trabalhistas e iniciativas de preven\u00e7\u00e3o de acidentes e valoriza\u00e7\u00e3o do trabalhador\u201d, da Comiss\u00e3o de Pol\u00edtica de Rela\u00e7\u00f5es Trabalhistas (CPRT) da CBIC, em parceria com o Servi\u00e7o Social da Ind\u00fastria (Sesi).<\/span><span data-ccp-props=\"{&quot;335551550&quot;:6,&quot;335551620&quot;:6}\">\u00a0<\/span><\/p>\n<p><a href=\"https:\/\/www.youtube.com\/watch?v=7CIKQG3Ppd4\"><span data-contrast=\"none\">Assista o workshop na \u00edntegra.<\/span><\/a><span data-contrast=\"auto\">\u00a0<\/span><span data-ccp-props=\"{&quot;335551550&quot;:6,&quot;335551620&quot;:6}\">\u00a0<\/span><\/p>\n<p><span data-ccp-props=\"{&quot;335551550&quot;:6,&quot;335551620&quot;:6}\">\u00a0<\/span><\/p>\n<p>The post <a href=\"https:\/\/cbic.org.br\/workshop-apresenta-metodologia-para-mensurar-impactos-da-reducao-da-jornada-de-trabalho-na-construcao-civil\/\">Workshop apresenta metodologia para mensurar impactos da redu\u00e7\u00e3o da jornada de trabalho na constru\u00e7\u00e3o civil\u00a0<\/a> appeared first on <a href=\"https:\/\/cbic.org.br\/\">CBIC \u2013 C\u00e2mara Brasileira da Industria da Constru\u00e7\u00e3o<\/a>.<\/p>","protected":false},"excerpt":{"rendered":"<p>A C\u00e2mara Brasileira da Ind\u00fastria da Constru\u00e7\u00e3o (CBIC), por meio da Comiss\u00e3o de Pol\u00edtica de Rela\u00e7\u00f5es Trabalhistas (CPRT), promoveu nesta quarta-feira (26) o workshop \u201cOs Impactos Reais da Redu\u00e7\u00e3o da Jornada de Trabalho nos Encargos Sociais \u2013 Uma Metodologia de C\u00e1lculo\u201d. Realizado em parceria com&#8230;<\/p>\n","protected":false},"author":2,"featured_media":16926,"comment_status":"open","ping_status":"open","sticky":false,"template":"","format":"standard","meta":{"footnotes":""},"categories":[70],"tags":[],"class_list":["post-16925","post","type-post","status-publish","format-standard","has-post-thumbnail","hentry","category-mercado-imobiliario"],"_links":{"self":[{"href":"https:\/\/www.jpasini.com.br\/site\/wp-json\/wp\/v2\/posts\/16925","targetHints":{"allow":["GET"]}}],"collection":[{"href":"https:\/\/www.jpasini.com.br\/site\/wp-json\/wp\/v2\/posts"}],"about":[{"href":"https:\/\/www.jpasini.com.br\/site\/wp-json\/wp\/v2\/types\/post"}],"author":[{"embeddable":true,"href":"https:\/\/www.jpasini.com.br\/site\/wp-json\/wp\/v2\/users\/2"}],"replies":[{"embeddable":true,"href":"https:\/\/www.jpasini.com.br\/site\/wp-json\/wp\/v2\/comments?post=16925"}],"version-history":[{"count":0,"href":"https:\/\/www.jpasini.com.br\/site\/wp-json\/wp\/v2\/posts\/16925\/revisions"}],"wp:featuredmedia":[{"embeddable":true,"href":"https:\/\/www.jpasini.com.br\/site\/wp-json\/wp\/v2\/media\/16926"}],"wp:attachment":[{"href":"https:\/\/www.jpasini.com.br\/site\/wp-json\/wp\/v2\/media?parent=16925"}],"wp:term":[{"taxonomy":"category","embeddable":true,"href":"https:\/\/www.jpasini.com.br\/site\/wp-json\/wp\/v2\/categories?post=16925"},{"taxonomy":"post_tag","embeddable":true,"href":"https:\/\/www.jpasini.com.br\/site\/wp-json\/wp\/v2\/tags?post=16925"}],"curies":[{"name":"wp","href":"https:\/\/api.w.org\/{rel}","templated":true}]}}