{"id":16921,"date":"2026-08-25T19:12:13","date_gmt":"2026-08-25T22:12:13","guid":{"rendered":"https:\/\/www.jpasini.com.br\/site\/gt-da-cbic-debate-impactos-climaticos-e-importancia-da-resiliencia-para-a-construcao\/"},"modified":"2026-08-25T19:12:13","modified_gmt":"2026-08-25T22:12:13","slug":"gt-da-cbic-debate-impactos-climaticos-e-importancia-da-resiliencia-para-a-construcao","status":"publish","type":"post","link":"https:\/\/www.jpasini.com.br\/site\/gt-da-cbic-debate-impactos-climaticos-e-importancia-da-resiliencia-para-a-construcao\/","title":{"rendered":"GT da CBIC debate impactos clim\u00e1ticos e import\u00e2ncia da resili\u00eancia para a constru\u00e7\u00e3o\u00a0"},"content":{"rendered":"<p><img decoding=\"async\" src=\"https:\/\/cbic.org.br\/wp-content\/uploads\/2026\/08\/captura-de-tela-2026-08-25-161117.png\" class=\"attachment-post-thumbnail size-post-thumbnail wp-post-image\" alt=\"\" \/><\/p>\n<p><span data-contrast=\"auto\">A C\u00e2mara Brasileira da Ind\u00fastria da Constru\u00e7\u00e3o (CBIC) realizou, nesta ter\u00e7a-feira (25), a 13\u00aa Reuni\u00e3o Ordin\u00e1ria do Grupo de Trabalho (GT) de Seguran\u00e7a H\u00eddrica e Cidades Resilientes. O encontro reuniu representantes do setor para discutir os impactos das mudan\u00e7as clim\u00e1ticas sobre a constru\u00e7\u00e3o, os desafios de adapta\u00e7\u00e3o e o uso de dados clim\u00e1ticos como ferramenta para apoiar decis\u00f5es estrat\u00e9gicas.<\/span><span data-ccp-props=\"{&quot;335551550&quot;:6,&quot;335551620&quot;:6}\">\u00a0<\/span><\/p>\n<p><span data-contrast=\"auto\">A reuni\u00e3o contou com a participa\u00e7\u00e3o de Douglas Cardoso Meirelles, gerente de\u00a0Public\u00a0Affairs\u00a0Integrated\u00a0Solutions\u00a0da Saint-Gobain, que apresentou um balan\u00e7o do F\u00f3rum de Desenvolvimento Imobili\u00e1rio, Constru\u00e7\u00e3o e Finan\u00e7as Sustent\u00e1veis, realizado durante a SP\u00a0Climate\u00a0Week 2026. A iniciativa reuniu CBIC,\u00a0Abrainc, Secovi-SP,\u00a0SindusCon-SP e Saint-Gobain e buscou ampliar a participa\u00e7\u00e3o da constru\u00e7\u00e3o na agenda clim\u00e1tica.<\/span><span data-ccp-props=\"{&quot;335551550&quot;:6,&quot;335551620&quot;:6}\">\u00a0<\/span><\/p>\n<p><span data-contrast=\"auto\">Segundo Meirelles, o evento reuniu cerca de 150 pessoas presencialmente, teve aproximadamente 400 inscritos e gerou mais de 25 publica\u00e7\u00f5es na imprensa. Para ele, a constru\u00e7\u00e3o coletiva da agenda foi um dos principais resultados da iniciativa.<\/span><span data-ccp-props=\"{&quot;335551550&quot;:6,&quot;335551620&quot;:6}\">\u00a0<\/span><\/p>\n<p><span data-contrast=\"auto\">\u201cN\u00e3o \u00e9 somente a descarboniza\u00e7\u00e3o pela descarboniza\u00e7\u00e3o, mas sim como ela afeta toda a cadeia com impacto positivo em todas as suas frentes\u201d, afirmou Meirelles, ao destacar a import\u00e2ncia de conciliar sustentabilidade, viabilidade econ\u00f4mica e resultados t\u00e9cnicos.<\/span><span data-ccp-props=\"{&quot;335551550&quot;:6,&quot;335551620&quot;:6}\">\u00a0<\/span><\/p>\n<p><strong>Mudan\u00e7as clim\u00e1ticas j\u00e1 impactam os neg\u00f3cios\u00a0<\/strong><\/p>\n<p><span data-contrast=\"auto\">Durante o debate, o vice-presidente da \u00e1rea de Meio Ambiente e Sustentabilidade\u00a0(CMA)\u00a0da CBIC, Nilson Sarti destacou a necessidade de o setor compreender que os efeitos das mudan\u00e7as clim\u00e1ticas j\u00e1 est\u00e3o pr\u00f3ximos da realidade das empresas. \u201cMuitas vezes eu acho que isso \u00e9 s\u00f3 essa quest\u00e3o de clima\u00a0est\u00e1 longe da gente, mas\u00a0est\u00e1\u00a0muito perto da gente. E que impacta nosso neg\u00f3cio\u201d, afirmou.<\/span><span data-ccp-props=\"{&quot;335551550&quot;:6,&quot;335551620&quot;:6}\">\u00a0<\/span><\/p>\n<p><span data-contrast=\"auto\">Meirelles citou como exemplo unidades industriais da Saint-Gobain afetadas por eventos extremos, incluindo uma f\u00e1brica no Egito, atingida por uma inunda\u00e7\u00e3o, e uma unidade em Esteio (RS), tamb\u00e9m inundada e posteriormente desativada. \u201cPara n\u00f3s, quando n\u00f3s olhamos todos os aspectos da sustentabilidade, tem o pre\u00e7o da n\u00e3o adapta\u00e7\u00e3o e resili\u00eancia\u201d, afirmou.<\/span><span data-ccp-props=\"{&quot;335551550&quot;:6,&quot;335551620&quot;:6}\">\u00a0<\/span><\/p>\n<p><span data-contrast=\"auto\">O executivo tamb\u00e9m apresentou iniciativas da empresa voltadas \u00e0 busca de alternativas para mat\u00e9rias-primas e ao reaproveitamento de res\u00edduos, como forma de reduzir riscos futuros para a produ\u00e7\u00e3o.<\/span><span data-ccp-props=\"{&quot;335551550&quot;:6,&quot;335551620&quot;:6}\">\u00a0<\/span><\/p>\n<p><strong>Dados apoiam decis\u00f5es sobre ativos\u00a0<\/strong><\/p>\n<p><span data-contrast=\"auto\">Na segunda parte da reuni\u00e3o, Eduardo\u00a0Firak, Ph.D., CEO da\u00a0Ellio\u00a0Brasil, e \u00c1lvaro Vasconcellos, Ph.D., CEO da\u00a0Octa\u00a0Data\u00a0Climate, apresentaram solu\u00e7\u00f5es de intelig\u00eancia clim\u00e1tica para a identifica\u00e7\u00e3o e quantifica\u00e7\u00e3o de riscos.<\/span><span data-ccp-props=\"{&quot;335551550&quot;:6,&quot;335551620&quot;:6}\">\u00a0<\/span><\/p>\n<p><span data-contrast=\"auto\">Vasconcellos\u00a0explicou que a empresa utiliza dados de esta\u00e7\u00f5es meteorol\u00f3gicas, modelos e sat\u00e9lites para avaliar como as condi\u00e7\u00f5es clim\u00e1ticas podem impactar financeiramente opera\u00e7\u00f5es e ativos. A an\u00e1lise permite identificar \u00e1reas mais vulner\u00e1veis e apoiar decis\u00f5es sobre investimentos, adapta\u00e7\u00e3o e gest\u00e3o de riscos.<\/span><span data-ccp-props=\"{&quot;335551550&quot;:6,&quot;335551620&quot;:6}\">\u00a0<\/span><\/p>\n<p><span data-contrast=\"auto\">Entre as ferramentas apresentadas est\u00e1 a plataforma Prisma\u00a0View, que utiliza hist\u00f3ricos clim\u00e1ticos e diferentes cen\u00e1rios futuros para avaliar a vulnerabilidade dos ativos a eventos extremos, como chuvas intensas, tempestades e inunda\u00e7\u00f5es.<\/span><span data-ccp-props=\"{&quot;335551550&quot;:6,&quot;335551620&quot;:6}\">\u00a0<\/span><\/p>\n<p><span data-contrast=\"auto\">Ao final, Mariana Silveira, gestora da CMA\/CBIC, destacou a import\u00e2ncia de aproximar o GT dessas novas solu\u00e7\u00f5es e ampliar a discuss\u00e3o sobre resili\u00eancia clim\u00e1tica e finan\u00e7as verdes dentro da CBIC. \u201cEu acredito que a gente est\u00e1 vendo a agenda de resili\u00eancia clim\u00e1tica e essa parte de Finan\u00e7as Verdes evoluir bastante r\u00e1pido\u201d, afirmou.<\/span><span data-ccp-props=\"{&quot;335551550&quot;:6,&quot;335551620&quot;:6}\">\u00a0<\/span><\/p>\n<p><span data-contrast=\"auto\">Como pr\u00f3ximos passos, o grupo sinalizou interesse em aprofundar o conhecimento sobre as solu\u00e7\u00f5es apresentadas, inclusive por meio de estudos de caso e poss\u00edveis visitas t\u00e9cnicas \u00e0s unidades da Saint-Gobain.<\/span><span data-ccp-props=\"{&quot;335551550&quot;:6,&quot;335551620&quot;:6}\">\u00a0<\/span><\/p>\n<p><span data-ccp-props=\"{&quot;335551550&quot;:6,&quot;335551620&quot;:6}\">\u00a0<\/span><\/p>\n<p>The post <a href=\"https:\/\/cbic.org.br\/gt-da-cbic-debate-impactos-climaticos-e-importancia-da-resiliencia-para-a-construcao\/\">GT da CBIC debate impactos clim\u00e1ticos e import\u00e2ncia da resili\u00eancia para a constru\u00e7\u00e3o\u00a0<\/a> appeared first on <a href=\"https:\/\/cbic.org.br\/\">CBIC \u2013 C\u00e2mara Brasileira da Industria da Constru\u00e7\u00e3o<\/a>.<\/p>","protected":false},"excerpt":{"rendered":"<p>A C\u00e2mara Brasileira da Ind\u00fastria da Constru\u00e7\u00e3o (CBIC) realizou, nesta ter\u00e7a-feira (25), a 13\u00aa Reuni\u00e3o Ordin\u00e1ria do Grupo de Trabalho (GT) de Seguran\u00e7a H\u00eddrica e Cidades Resilientes. O encontro reuniu representantes do setor para discutir os impactos das mudan\u00e7as clim\u00e1ticas sobre a constru\u00e7\u00e3o, os desafios&#8230;<\/p>\n","protected":false},"author":2,"featured_media":16922,"comment_status":"open","ping_status":"open","sticky":false,"template":"","format":"standard","meta":{"footnotes":""},"categories":[70],"tags":[],"class_list":["post-16921","post","type-post","status-publish","format-standard","has-post-thumbnail","hentry","category-mercado-imobiliario"],"_links":{"self":[{"href":"https:\/\/www.jpasini.com.br\/site\/wp-json\/wp\/v2\/posts\/16921","targetHints":{"allow":["GET"]}}],"collection":[{"href":"https:\/\/www.jpasini.com.br\/site\/wp-json\/wp\/v2\/posts"}],"about":[{"href":"https:\/\/www.jpasini.com.br\/site\/wp-json\/wp\/v2\/types\/post"}],"author":[{"embeddable":true,"href":"https:\/\/www.jpasini.com.br\/site\/wp-json\/wp\/v2\/users\/2"}],"replies":[{"embeddable":true,"href":"https:\/\/www.jpasini.com.br\/site\/wp-json\/wp\/v2\/comments?post=16921"}],"version-history":[{"count":0,"href":"https:\/\/www.jpasini.com.br\/site\/wp-json\/wp\/v2\/posts\/16921\/revisions"}],"wp:featuredmedia":[{"embeddable":true,"href":"https:\/\/www.jpasini.com.br\/site\/wp-json\/wp\/v2\/media\/16922"}],"wp:attachment":[{"href":"https:\/\/www.jpasini.com.br\/site\/wp-json\/wp\/v2\/media?parent=16921"}],"wp:term":[{"taxonomy":"category","embeddable":true,"href":"https:\/\/www.jpasini.com.br\/site\/wp-json\/wp\/v2\/categories?post=16921"},{"taxonomy":"post_tag","embeddable":true,"href":"https:\/\/www.jpasini.com.br\/site\/wp-json\/wp\/v2\/tags?post=16921"}],"curies":[{"name":"wp","href":"https:\/\/api.w.org\/{rel}","templated":true}]}}