{"id":16905,"date":"2026-08-24T15:14:37","date_gmt":"2026-08-24T18:14:37","guid":{"rendered":"https:\/\/www.jpasini.com.br\/site\/dncs-2026-reune-938-trabalhadores-da-construcao-civil-em-volta-redonda\/"},"modified":"2026-08-24T15:14:37","modified_gmt":"2026-08-24T18:14:37","slug":"dncs-2026-reune-938-trabalhadores-da-construcao-civil-em-volta-redonda","status":"publish","type":"post","link":"https:\/\/www.jpasini.com.br\/site\/dncs-2026-reune-938-trabalhadores-da-construcao-civil-em-volta-redonda\/","title":{"rendered":"DNCS 2026\u00a0re\u00fane\u00a0938 trabalhadores da constru\u00e7\u00e3o civil em Volta Redonda"},"content":{"rendered":"<p><img decoding=\"async\" src=\"https:\/\/cbic.org.br\/wp-content\/uploads\/2026\/08\/dncs3-1.jpeg\" class=\"attachment-post-thumbnail size-post-thumbnail wp-post-image\" alt=\"\" \/><\/p>\n<p><i><span data-contrast=\"auto\">Evento realizado pelo Sinduscon-SF ofereceu mais de 1,4 mil atendimentos gratuitos, atividades de sa\u00fade, cidadania, lazer e\u00a0distribui\u00e7\u00e3o de brindes.<\/span><\/i><span data-ccp-props=\"{&quot;134233117&quot;:true,&quot;134233118&quot;:true,&quot;201341983&quot;:0,&quot;335551550&quot;:1,&quot;335551620&quot;:1,&quot;335559685&quot;:0,&quot;335559731&quot;:0,&quot;335559739&quot;:279,&quot;335559740&quot;:276,&quot;335559991&quot;:10}\">\u00a0<\/span><\/p>\n<p><b><span data-contrast=\"auto\">Volta Redonda (RJ)<\/span><\/b><span data-contrast=\"auto\">\u00a0\u2014 Sa\u00fade, cidadania, lazer, conviv\u00eancia e valoriza\u00e7\u00e3o profissional marcaram a 10\u00aa edi\u00e7\u00e3o do Dia Nacional da Constru\u00e7\u00e3o Social (DNCS), realizada no \u00faltimo s\u00e1bado (22), no Instituto de Educa\u00e7\u00e3o Professor Manoel Marinho, na Vila Santa Cec\u00edlia, em Volta Redonda. Promovido pela C\u00e2mara Brasileira da Ind\u00fastria da Constru\u00e7\u00e3o (CBIC) e realizado pelo Sindicato das Ind\u00fastrias da Constru\u00e7\u00e3o e do Mobili\u00e1rio do Sul Fluminense (Sinduscon-SF), o evento reuniu\u00a0<\/span><span data-contrast=\"auto\">938 trabalhadores da constru\u00e7\u00e3o civil e seus familiares<\/span><span data-contrast=\"auto\">\u00a0em uma programa\u00e7\u00e3o gratuita para todas as idades.<\/span><span data-ccp-props=\"{&quot;134233117&quot;:true,&quot;134233118&quot;:true,&quot;201341983&quot;:0,&quot;335551550&quot;:6,&quot;335551620&quot;:6,&quot;335559685&quot;:0,&quot;335559731&quot;:0,&quot;335559739&quot;:279,&quot;335559740&quot;:276,&quot;335559991&quot;:10}\">\u00a0<\/span><\/p>\n<p><span data-contrast=\"auto\">A edi\u00e7\u00e3o comemorativa contou com\u00a0<\/span><span data-contrast=\"auto\">1.320 inscritos<\/span><span data-contrast=\"auto\">,\u00a0<\/span><span data-contrast=\"auto\">33 alunos do Senai homenageados<\/span><span data-contrast=\"auto\">,\u00a0<\/span><span data-contrast=\"auto\">120 parceiros<\/span><span data-contrast=\"auto\">,\u00a0<\/span><span data-contrast=\"auto\">45 volunt\u00e1rios<\/span><span data-contrast=\"auto\">\u00a0e\u00a0<\/span><span data-contrast=\"auto\">1.470 atendimentos<\/span><span data-contrast=\"auto\">\u00a0realizados ao longo do dia. Tamb\u00e9m foram distribu\u00eddos mais de\u00a0<\/span><span data-contrast=\"auto\">10.000 itens de alimenta\u00e7\u00e3o<\/span><span data-contrast=\"auto\">\u00a0aos participantes. Para celebrar os 10 anos do DNCS em Volta Redonda, um bolo comemorativo de tr\u00eas metros foi preparado especialmente para a ocasi\u00e3o.<\/span><span data-ccp-props=\"{&quot;134233117&quot;:true,&quot;134233118&quot;:true,&quot;201341983&quot;:0,&quot;335551550&quot;:6,&quot;335551620&quot;:6,&quot;335559685&quot;:0,&quot;335559731&quot;:0,&quot;335559739&quot;:279,&quot;335559740&quot;:276,&quot;335559991&quot;:10}\">\u00a0<\/span><\/p>\n<p><span data-contrast=\"auto\">Entre os servi\u00e7os oferecidos estiveram aferi\u00e7\u00e3o de press\u00e3o arterial, teste de glicemia,\u00a0auriculoterapia,\u00a0quick\u00a0massage, bioimped\u00e2ncia, oximetria e orienta\u00e7\u00f5es sobre sa\u00fade bucal, al\u00e9m de exposi\u00e7\u00e3o interativa de Ci\u00eancias Biol\u00f3gicas. Os trabalhadores tamb\u00e9m tiveram acesso a atendimento jur\u00eddico e previdenci\u00e1rio, corte de cabelo, maquiagem, avalia\u00e7\u00e3o capilar, distribui\u00e7\u00e3o de kits e a\u00e7\u00f5es educativas.<\/span><span data-ccp-props=\"{&quot;134233117&quot;:true,&quot;134233118&quot;:true,&quot;201341983&quot;:0,&quot;335551550&quot;:6,&quot;335551620&quot;:6,&quot;335559685&quot;:0,&quot;335559731&quot;:0,&quot;335559739&quot;:279,&quot;335559740&quot;:276,&quot;335559991&quot;:10}\">\u00a0<\/span><\/p>\n<p><span data-contrast=\"auto\">A programa\u00e7\u00e3o tamb\u00e9m contemplou as fam\u00edlias, com espa\u00e7o kids, brinquedos infl\u00e1veis, recrea\u00e7\u00e3o, m\u00fasica, dan\u00e7a, brincadeiras e distribui\u00e7\u00e3o de brindes. A alimenta\u00e7\u00e3o foi oferecida gratuitamente durante o evento.<\/span><span data-ccp-props=\"{&quot;134233117&quot;:true,&quot;134233118&quot;:true,&quot;201341983&quot;:0,&quot;335551550&quot;:6,&quot;335551620&quot;:6,&quot;335559685&quot;:0,&quot;335559731&quot;:0,&quot;335559739&quot;:279,&quot;335559740&quot;:276,&quot;335559991&quot;:10}\">\u00a0<\/span><\/p>\n<p><span data-contrast=\"auto\">Um dos destaques da programa\u00e7\u00e3o foi a\u00a0<\/span><span data-contrast=\"auto\">Gincana do DNCS<\/span><span data-contrast=\"auto\">, realizada por meio do\u00a0<\/span><span data-contrast=\"auto\">Passaporte do Trabalhador<\/span><span data-contrast=\"auto\">. Os participantes precisavam passar por diferentes atividades e servi\u00e7os dispon\u00edveis durante o evento, acumulando as etapas do passaporte. Quem completou o circuito participou da a\u00e7\u00e3o e concorreu a brindes e pr\u00eamios.<\/span><span data-ccp-props=\"{&quot;134233117&quot;:true,&quot;134233118&quot;:true,&quot;201341983&quot;:0,&quot;335551550&quot;:6,&quot;335551620&quot;:6,&quot;335559685&quot;:0,&quot;335559731&quot;:0,&quot;335559739&quot;:279,&quot;335559740&quot;:276,&quot;335559991&quot;:10}\">\u00a0<\/span><\/p>\n<p><span data-contrast=\"auto\">A iniciativa promoveu a intera\u00e7\u00e3o entre os trabalhadores, incentivou a participa\u00e7\u00e3o nas atividades e tornou a experi\u00eancia ainda mais divertida. Entre os vencedores estiveram:<\/span><span data-ccp-props=\"{&quot;134233117&quot;:true,&quot;134233118&quot;:true,&quot;201341983&quot;:0,&quot;335551550&quot;:6,&quot;335551620&quot;:6,&quot;335559685&quot;:0,&quot;335559731&quot;:0,&quot;335559739&quot;:279,&quot;335559740&quot;:276,&quot;335559991&quot;:10}\">\u00a0<\/span><\/p>\n<ul>\n<li data-leveltext=\"\uf0b7\" data-font=\"Symbol\" data-listid=\"1\" data-list-defn-props=\"{&quot;335552541&quot;:1,&quot;335559685&quot;:720,&quot;335559991&quot;:360,&quot;469769226&quot;:&quot;Symbol&quot;,&quot;469769242&quot;:[8226],&quot;469777803&quot;:&quot;left&quot;,&quot;469777804&quot;:&quot;\uf0b7&quot;,&quot;469777815&quot;:&quot;multilevel&quot;}\" data-aria-posinset=\"1\" data-aria-level=\"1\"><span data-contrast=\"auto\">Josiley\u00a0Fonseca\u00a0Sarria, da NPI Engenharia \u2014 ganhou uma scooter el\u00e9trica YESU;<\/span><span data-ccp-props=\"{&quot;134233117&quot;:true,&quot;134233118&quot;:true,&quot;201341983&quot;:0,&quot;335551550&quot;:1,&quot;335551620&quot;:1,&quot;335559739&quot;:279,&quot;335559740&quot;:240}\">\u00a0<\/span><\/li>\n<\/ul>\n<ul>\n<li data-leveltext=\"\uf0b7\" data-font=\"Symbol\" data-listid=\"1\" data-list-defn-props=\"{&quot;335552541&quot;:1,&quot;335559685&quot;:720,&quot;335559991&quot;:360,&quot;469769226&quot;:&quot;Symbol&quot;,&quot;469769242&quot;:[8226],&quot;469777803&quot;:&quot;left&quot;,&quot;469777804&quot;:&quot;\uf0b7&quot;,&quot;469777815&quot;:&quot;multilevel&quot;}\" data-aria-posinset=\"2\" data-aria-level=\"1\"><span data-contrast=\"auto\">Anilson\u00a0Santos, da CBSI \u2014 ganhou uma bicicleta;<\/span><span data-ccp-props=\"{&quot;134233117&quot;:true,&quot;134233118&quot;:true,&quot;201341983&quot;:0,&quot;335551550&quot;:1,&quot;335551620&quot;:1,&quot;335559739&quot;:279,&quot;335559740&quot;:240}\">\u00a0<\/span><\/li>\n<\/ul>\n<ul>\n<li data-leveltext=\"\uf0b7\" data-font=\"Symbol\" data-listid=\"1\" data-list-defn-props=\"{&quot;335552541&quot;:1,&quot;335559685&quot;:720,&quot;335559991&quot;:360,&quot;469769226&quot;:&quot;Symbol&quot;,&quot;469769242&quot;:[8226],&quot;469777803&quot;:&quot;left&quot;,&quot;469777804&quot;:&quot;\uf0b7&quot;,&quot;469777815&quot;:&quot;multilevel&quot;}\" data-aria-posinset=\"3\" data-aria-level=\"1\"><span data-contrast=\"auto\">Jos\u00e9\u00a0Gomercino\u00a0da Silva, da CBSI \u2014 ganhou uma televis\u00e3o;<\/span><span data-ccp-props=\"{&quot;134233117&quot;:true,&quot;134233118&quot;:true,&quot;201341983&quot;:0,&quot;335551550&quot;:1,&quot;335551620&quot;:1,&quot;335559739&quot;:279,&quot;335559740&quot;:240}\">\u00a0<\/span><\/li>\n<\/ul>\n<ul>\n<li data-leveltext=\"\uf0b7\" data-font=\"Symbol\" data-listid=\"1\" data-list-defn-props=\"{&quot;335552541&quot;:1,&quot;335559685&quot;:720,&quot;335559991&quot;:360,&quot;469769226&quot;:&quot;Symbol&quot;,&quot;469769242&quot;:[8226],&quot;469777803&quot;:&quot;left&quot;,&quot;469777804&quot;:&quot;\uf0b7&quot;,&quot;469777815&quot;:&quot;multilevel&quot;}\" data-aria-posinset=\"4\" data-aria-level=\"1\"><span data-contrast=\"auto\">Leandro Costa de Barros, da CBSI \u2014 ganhou uma\u00a0bicicleta;<\/span><span data-ccp-props=\"{&quot;134233117&quot;:true,&quot;134233118&quot;:true,&quot;201341983&quot;:0,&quot;335551550&quot;:1,&quot;335551620&quot;:1,&quot;335559739&quot;:279,&quot;335559740&quot;:240}\">\u00a0<\/span><\/li>\n<\/ul>\n<ul>\n<li data-leveltext=\"\uf0b7\" data-font=\"Symbol\" data-listid=\"1\" data-list-defn-props=\"{&quot;335552541&quot;:1,&quot;335559685&quot;:720,&quot;335559991&quot;:360,&quot;469769226&quot;:&quot;Symbol&quot;,&quot;469769242&quot;:[8226],&quot;469777803&quot;:&quot;left&quot;,&quot;469777804&quot;:&quot;\uf0b7&quot;,&quot;469777815&quot;:&quot;multilevel&quot;}\" data-aria-posinset=\"5\" data-aria-level=\"1\"><span data-contrast=\"auto\">Claudinea\u00a0da Silva Oliveira, trabalhadora da CBSI \u2014 ganhou 700 tijolos.<\/span><span data-ccp-props=\"{&quot;134233117&quot;:true,&quot;134233118&quot;:true,&quot;201341983&quot;:0,&quot;335551550&quot;:1,&quot;335551620&quot;:1,&quot;335559739&quot;:279,&quot;335559740&quot;:240}\">\u00a0<\/span><\/li>\n<\/ul>\n<p><span data-contrast=\"auto\">Os pr\u00eamios refor\u00e7aram o clima de celebra\u00e7\u00e3o e reconhecimento aos trabalhadores que participaram ativamente da programa\u00e7\u00e3o<\/span><span data-ccp-props=\"{&quot;134233117&quot;:true,&quot;134233118&quot;:true,&quot;201341983&quot;:0,&quot;335551550&quot;:6,&quot;335551620&quot;:6,&quot;335559685&quot;:0,&quot;335559731&quot;:0,&quot;335559739&quot;:279,&quot;335559740&quot;:276,&quot;335559991&quot;:10}\">\u00a0<\/span><\/p>\n<p>\u00a0<\/p>\n<p><span data-contrast=\"auto\">A solenidade contou com a presen\u00e7a do prefeito de Volta Redonda,\u00a0<\/span><span data-contrast=\"auto\">Ant\u00f4nio Francisco Neto<\/span><span data-contrast=\"auto\">; do presidente da Regional Firjan Sul Fluminense,\u00a0<\/span><span data-contrast=\"auto\">Paulo Roberto Dinis Marques<\/span><span data-contrast=\"auto\">; e de\u00a0<\/span><span data-contrast=\"auto\">Cl\u00e1udia Holzwarth, gerente de Opera\u00e7\u00f5es da Firjan SESI<\/span><span data-contrast=\"auto\">. Os alunos do Senai tamb\u00e9m foram homenageados durante a programa\u00e7\u00e3o.<\/span><span data-ccp-props=\"{&quot;134233117&quot;:true,&quot;134233118&quot;:true,&quot;201341983&quot;:0,&quot;335551550&quot;:6,&quot;335551620&quot;:6,&quot;335559685&quot;:0,&quot;335559731&quot;:0,&quot;335559739&quot;:279,&quot;335559740&quot;:276,&quot;335559991&quot;:10}\">\u00a0<\/span><\/p>\n<p>\u00a0<img decoding=\"async\" class=\"size-full wp-image-108599 aligncenter\" src=\"https:\/\/cbic.org.br\/wp-content\/uploads\/2026\/08\/dncs1.jpeg\" alt=\"\" \/><\/p>\n<p><span data-contrast=\"auto\">Para a presidente do Sinduscon-SF,\u00a0<\/span><span data-contrast=\"auto\">Elissandra\u00a0Candido<\/span><span data-contrast=\"auto\">, a realiza\u00e7\u00e3o do DNCS representa muito mais do que um evento no calend\u00e1rio da constru\u00e7\u00e3o civil.<\/span><span data-ccp-props=\"{&quot;134233117&quot;:true,&quot;134233118&quot;:true,&quot;201341983&quot;:0,&quot;335551550&quot;:6,&quot;335551620&quot;:6,&quot;335559685&quot;:0,&quot;335559731&quot;:0,&quot;335559739&quot;:279,&quot;335559740&quot;:276,&quot;335559991&quot;:10}\">\u00a0<\/span><\/p>\n<p><span data-contrast=\"auto\">\u201cCelebrar 10 anos do DNCS em Volta Redonda \u00e9 celebrar pessoas. Cada trabalhador que esteve aqui representa a for\u00e7a de um setor que constr\u00f3i casas, empresas, cidades e, principalmente, transforma vidas. Hoje n\u00e3o entregamos apenas servi\u00e7os: entregamos cuidado, reconhecimento e respeito. Ver 938 trabalhadores e seus familiares participando desta edi\u00e7\u00e3o nos mostra que, quando ind\u00fastria, empresas, poder p\u00fablico, entidades e volunt\u00e1rios se unem por uma causa, conseguimos transformar um dia em uma experi\u00eancia que fica na mem\u00f3ria. O DNCS \u00e9 sobre valorizar quem constr\u00f3i o nosso presente e ajuda a construir o futuro.\u201d<\/span><span data-ccp-props=\"{&quot;134233117&quot;:true,&quot;134233118&quot;:true,&quot;201341983&quot;:0,&quot;335551550&quot;:6,&quot;335551620&quot;:6,&quot;335559685&quot;:0,&quot;335559731&quot;:0,&quot;335559739&quot;:279,&quot;335559740&quot;:276,&quot;335559991&quot;:10}\">\u00a0<\/span><\/p>\n<p><span data-contrast=\"auto\">A presidente tamb\u00e9m destacou a import\u00e2ncia da uni\u00e3o dos parceiros para a realiza\u00e7\u00e3o da edi\u00e7\u00e3o comemorativa. \u201cNenhum evento desse tamanho acontece sozinho. Temos parceiros que acreditam no trabalhador da constru\u00e7\u00e3o civil e que entenderam que investir em pessoas tamb\u00e9m \u00e9 construir um setor mais forte, humano e preparado para o futuro\u201d, acrescentou\u00a0Elissandra.<\/span><span data-ccp-props=\"{&quot;134233117&quot;:true,&quot;134233118&quot;:true,&quot;201341983&quot;:0,&quot;335551550&quot;:6,&quot;335551620&quot;:6,&quot;335559685&quot;:0,&quot;335559731&quot;:0,&quot;335559739&quot;:279,&quot;335559740&quot;:276,&quot;335559991&quot;:10}\">\u00a0<\/span><\/p>\n<p><span data-contrast=\"auto\">O\u00a0<\/span><span data-contrast=\"auto\">DNCS 2026<\/span><span data-contrast=\"auto\">\u00a0contou com patroc\u00ednio da\u00a0<\/span><span data-contrast=\"auto\">FIRJAN SESI<\/span><span data-contrast=\"auto\">\u00a0e promo\u00e7\u00e3o da\u00a0<\/span><span data-contrast=\"auto\">CBIC<\/span><span data-contrast=\"auto\">, al\u00e9m do apoio de KVG Engenharia,\u00a0Argamil, Prefeitura Municipal de Volta Redonda, UGB FERP Associados, Unimed Volta Redonda, Clube Unimed, Drogaria Pacheco, Instituto\u00a0Lobus, Espa\u00e7o Laser + O Botic\u00e1rio, Cl\u00ednica\u00a0Fix, CEDERJ,\u00a0UniFOA, GAPC (Grupo de Apoio ao C\u00e2ncer), Mary Kay \u2013 consultora Marlene, Drogarias Economize,\u00a0Bio\u00a0Extratus, Magalh\u00e3es &amp; De Paula Consultoria,\u00a0Bless\u00a0Centro T\u00e9cnico de Beleza, YESU Mobilidade El\u00e9trica, SESI, ArcelorMittal, Correta, Caixa Econ\u00f4mica Federal, CSN, Alma Vox Comunica\u00e7\u00e3o,\u00a0Metasul, Play\u00a0Art\u00a0Promo, Olaria S\u00e3o Benedito, CBSI, Construtora MN, Nova Reis Engenharia, CP Empreendimentos, Tostes e Diniz, IELSULF, Sindicato dos Trabalhadores da Constru\u00e7\u00e3o Civil de Volta Redonda, Construtora Polo e\u00a0Garani\u00a0Engenharia.<\/span><span data-ccp-props=\"{&quot;134233117&quot;:true,&quot;134233118&quot;:true,&quot;201341983&quot;:0,&quot;335551550&quot;:6,&quot;335551620&quot;:6,&quot;335559685&quot;:0,&quot;335559731&quot;:0,&quot;335559739&quot;:279,&quot;335559740&quot;:276,&quot;335559991&quot;:10}\">\u00a0<\/span><\/p>\n<p>The post <a href=\"https:\/\/cbic.org.br\/dncs-2026-reune-938-trabalhadores-da-construcao-civil-em-volta-redonda\/\">DNCS 2026\u00a0re\u00fane\u00a0938 trabalhadores da constru\u00e7\u00e3o civil em Volta Redonda<\/a> appeared first on <a href=\"https:\/\/cbic.org.br\/\">CBIC \u2013 C\u00e2mara Brasileira da Industria da Constru\u00e7\u00e3o<\/a>.<\/p>","protected":false},"excerpt":{"rendered":"<p>Evento realizado pelo Sinduscon-SF ofereceu mais de 1,4 mil atendimentos gratuitos, atividades de sa\u00fade, cidadania, lazer e\u00a0distribui\u00e7\u00e3o de brindes.\u00a0 Volta Redonda (RJ)\u00a0\u2014 Sa\u00fade, cidadania, lazer, conviv\u00eancia e valoriza\u00e7\u00e3o profissional marcaram a 10\u00aa edi\u00e7\u00e3o do Dia Nacional da Constru\u00e7\u00e3o Social (DNCS), realizada no \u00faltimo s\u00e1bado (22),&#8230;<\/p>\n","protected":false},"author":2,"featured_media":16906,"comment_status":"open","ping_status":"open","sticky":false,"template":"","format":"standard","meta":{"footnotes":""},"categories":[70],"tags":[],"class_list":["post-16905","post","type-post","status-publish","format-standard","has-post-thumbnail","hentry","category-mercado-imobiliario"],"_links":{"self":[{"href":"https:\/\/www.jpasini.com.br\/site\/wp-json\/wp\/v2\/posts\/16905","targetHints":{"allow":["GET"]}}],"collection":[{"href":"https:\/\/www.jpasini.com.br\/site\/wp-json\/wp\/v2\/posts"}],"about":[{"href":"https:\/\/www.jpasini.com.br\/site\/wp-json\/wp\/v2\/types\/post"}],"author":[{"embeddable":true,"href":"https:\/\/www.jpasini.com.br\/site\/wp-json\/wp\/v2\/users\/2"}],"replies":[{"embeddable":true,"href":"https:\/\/www.jpasini.com.br\/site\/wp-json\/wp\/v2\/comments?post=16905"}],"version-history":[{"count":0,"href":"https:\/\/www.jpasini.com.br\/site\/wp-json\/wp\/v2\/posts\/16905\/revisions"}],"wp:featuredmedia":[{"embeddable":true,"href":"https:\/\/www.jpasini.com.br\/site\/wp-json\/wp\/v2\/media\/16906"}],"wp:attachment":[{"href":"https:\/\/www.jpasini.com.br\/site\/wp-json\/wp\/v2\/media?parent=16905"}],"wp:term":[{"taxonomy":"category","embeddable":true,"href":"https:\/\/www.jpasini.com.br\/site\/wp-json\/wp\/v2\/categories?post=16905"},{"taxonomy":"post_tag","embeddable":true,"href":"https:\/\/www.jpasini.com.br\/site\/wp-json\/wp\/v2\/tags?post=16905"}],"curies":[{"name":"wp","href":"https:\/\/api.w.org\/{rel}","templated":true}]}}