{"id":16885,"date":"2026-08-19T18:47:45","date_gmt":"2026-08-19T21:47:45","guid":{"rendered":"https:\/\/www.jpasini.com.br\/site\/cbic-reune-conselho-para-discutir-cenario-politico-e-prioridades-da-nova-gestao\/"},"modified":"2026-08-19T18:47:45","modified_gmt":"2026-08-19T21:47:45","slug":"cbic-reune-conselho-para-discutir-cenario-politico-e-prioridades-da-nova-gestao","status":"publish","type":"post","link":"https:\/\/www.jpasini.com.br\/site\/cbic-reune-conselho-para-discutir-cenario-politico-e-prioridades-da-nova-gestao\/","title":{"rendered":"CBIC re\u00fane Conselho para discutir cen\u00e1rio pol\u00edtico e prioridades da nova gest\u00e3o\u00a0"},"content":{"rendered":"<p><img decoding=\"async\" src=\"https:\/\/cbic.org.br\/wp-content\/uploads\/2026\/08\/img8026-scaled.jpg\" class=\"attachment-post-thumbnail size-post-thumbnail wp-post-image\" alt=\"\" \/><\/p>\n<p><span data-contrast=\"auto\">O cen\u00e1rio pol\u00edtico nacional e os desafios para a ind\u00fastria da constru\u00e7\u00e3o estiveram entre os temas da primeira Reuni\u00e3o do Conselho da C\u00e2mara Brasileira da Ind\u00fastria da Constru\u00e7\u00e3o (CBIC) da gest\u00e3o 2026\u20132029, realizada nesta quarta-feira (19), em Bras\u00edlia. O encontro reuniu dirigentes da entidade e contou com uma an\u00e1lise do ambiente pol\u00edtico brasileiro apresentada pelo cientista pol\u00edtico Leonardo Barreto.<\/span><span data-ccp-props=\"{}\">\u00a0<\/span><\/p>\n<p><span data-contrast=\"auto\">Durante a exposi\u00e7\u00e3o, Barreto abordou as principais for\u00e7as que influenciam o cen\u00e1rio pol\u00edtico nacional, al\u00e9m de fatores de incerteza relacionados ao processo eleitoral. Entre os pontos discutidos estiveram o comportamento do eleitor, o n\u00edvel de interesse da popula\u00e7\u00e3o pelas elei\u00e7\u00f5es e a din\u00e2mica entre os diferentes campos pol\u00edticos. A an\u00e1lise tamb\u00e9m tratou dos poss\u00edveis movimentos da disputa eleitoral e dos desafios para a constru\u00e7\u00e3o de composi\u00e7\u00f5es no cen\u00e1rio nacional.<\/span><span data-ccp-props=\"{}\">\u00a0<\/span><\/p>\n<p><span data-contrast=\"auto\">Na sequ\u00eancia, a reuni\u00e3o marcou a apresenta\u00e7\u00e3o da nova gest\u00e3o e das prioridades das Vice-Presid\u00eancias e Comiss\u00f5es da CBIC para o pr\u00f3ximo tri\u00eanio. Os dirigentes destacaram a import\u00e2ncia da integra\u00e7\u00e3o entre as \u00e1reas e do di\u00e1logo com as entidades associadas para avan\u00e7ar em pautas estrat\u00e9gicas para o setor.<\/span><span data-ccp-props=\"{}\">\u00a0<\/span><\/p>\n<p><b><span data-contrast=\"none\">Infraestrutura e integra\u00e7\u00e3o nacional<\/span><\/b><span data-ccp-props=\"{&quot;335551550&quot;:6,&quot;335551620&quot;:6}\">\u00a0<\/span><\/p>\n<p><span data-contrast=\"none\">Presidente da Comiss\u00e3o de Infraestrutura (COINFRA), Vinicius Benevides ressaltou que uma das prioridades ser\u00e1 ampliar o di\u00e1logo com as entidades associadas e fortalecer a atua\u00e7\u00e3o conjunta em torno dos desafios da infraestrutura.<\/span><span data-ccp-props=\"{&quot;335551550&quot;:6,&quot;335551620&quot;:6}\">\u00a0<\/span><\/p>\n<p><span data-contrast=\"none\">\u201cUma das inten\u00e7\u00f5es \u00e9 ouvir as nossas entidades e associadas\u201d, afirmou. Segundo Benevides, a Comiss\u00e3o tamb\u00e9m pretende ampliar o olhar sobre o mercado privado de infraestrutura e trabalhar de forma integrada com as entidades do setor.<\/span><span data-ccp-props=\"{&quot;335551550&quot;:6,&quot;335551620&quot;:6}\">\u00a0<\/span><\/p>\n<p><b><span data-contrast=\"none\">Inova\u00e7\u00e3o, industrializa\u00e7\u00e3o e produtividade<\/span><\/b><span data-ccp-props=\"{&quot;335551550&quot;:6,&quot;335551620&quot;:6}\">\u00a0<\/span><\/p>\n<p><span data-contrast=\"none\">Na Comiss\u00e3o de Materiais, Tecnologia, Qualidade e Produtividade (COMAT), o presidente\u00a0Dionyzio\u00a0Klavdianos\u00a0destacou a atua\u00e7\u00e3o hist\u00f3rica da CBIC e a necessidade de integra\u00e7\u00e3o das Comiss\u00f5es em torno de pautas estrat\u00e9gicas para o desenvolvimento do setor.<\/span><span data-ccp-props=\"{&quot;335551550&quot;:6,&quot;335551620&quot;:6}\">\u00a0<\/span><\/p>\n<p><span data-contrast=\"none\">\u201c\u00c9 importante dizer que a CBIC tem sido vanguarda esse tempo todo\u201d, afirmou. Para\u00a0Klavdianos, temas como inova\u00e7\u00e3o, industrializa\u00e7\u00e3o e produtividade devem estar presentes de forma transversal na atua\u00e7\u00e3o da entidade, contribuindo tamb\u00e9m para o fortalecimento das pequenas e m\u00e9dias empresas.<\/span><span data-ccp-props=\"{&quot;335551550&quot;:6,&quot;335551620&quot;:6}\">\u00a0<\/span><\/p>\n<p><span data-contrast=\"none\">\u00a0<\/span><b><span data-contrast=\"none\">Qualifica\u00e7\u00e3o como caminho para a industrializa\u00e7\u00e3o<\/span><\/b><span data-ccp-props=\"{&quot;335551550&quot;:6,&quot;335551620&quot;:6}\">\u00a0<\/span><\/p>\n<p><span data-contrast=\"none\">\u00a0<\/span><span data-contrast=\"none\">O presidente da Comiss\u00e3o de Pol\u00edtica e Rela\u00e7\u00f5es Trabalhistas (CPRT), David Fratel, ressaltou a import\u00e2ncia da qualifica\u00e7\u00e3o profissional para o avan\u00e7o da ind\u00fastria da constru\u00e7\u00e3o.<\/span><span data-ccp-props=\"{&quot;335551550&quot;:6,&quot;335551620&quot;:6}\">\u00a0<\/span><\/p>\n<p><span data-contrast=\"none\">\u201cN\u00e3o \u00e9 poss\u00edvel industrializar sem qualificar\u201d, afirmou. Fratel tamb\u00e9m defendeu o aproveitamento de experi\u00eancias desenvolvidas nos estados e o fortalecimento da CBIC como vetor de dissemina\u00e7\u00e3o dessas iniciativas em \u00e2mbito nacional.<\/span><span data-ccp-props=\"{&quot;335551550&quot;:6,&quot;335551620&quot;:6}\">\u00a0<\/span><\/p>\n<p><span data-contrast=\"none\">Na Comiss\u00e3o de Responsabilidade Social (CRS), a presidente Maria In\u00eas\u00a0Menegotto\u00a0destacou a continuidade das a\u00e7\u00f5es desenvolvidas na gest\u00e3o anterior e a import\u00e2ncia de ampliar a integra\u00e7\u00e3o entre as diferentes \u00e1reas da entidade.<\/span><span data-ccp-props=\"{&quot;335551550&quot;:6,&quot;335551620&quot;:6}\">\u00a0<\/span><\/p>\n<p><span data-contrast=\"none\">\u201cN\u00f3s vamos continuar com os trabalhos da \u00faltima gest\u00e3o, mas queremos estar junto com todas as comiss\u00f5es\u201d, afirmou. Entre os desafios apontados por ela est\u00e3o a qualifica\u00e7\u00e3o e a atra\u00e7\u00e3o de profissionais para o setor.<\/span><span data-ccp-props=\"{&quot;335551550&quot;:6,&quot;335551620&quot;:6}\">\u00a0<\/span><\/p>\n<p><span data-contrast=\"none\">J\u00e1 o presidente da Comiss\u00e3o da Ind\u00fastria Imobili\u00e1ria (CII), Ely Wertheim, refor\u00e7ou o papel da CBIC na articula\u00e7\u00e3o das iniciativas desenvolvidas pelas entidades regionais.\u00a0\u201cPrecisamos usar a CBIC, que tem representatividade nacional, e pegar o que for melhor em nossas entidades regionais e encaminhar\u201d, afirmou.<\/span><span data-ccp-props=\"{&quot;335551550&quot;:6,&quot;335551620&quot;:6}\">\u00a0<\/span><\/p>\n<p><span data-contrast=\"none\">Tamb\u00e9m fazem parte da nova gest\u00e3o os presidentes Felipe Melazzo, do Conselho Jur\u00eddico (CONJUR); Ilso Oliveira, da Comiss\u00e3o da Ind\u00fastria da Constru\u00e7\u00e3o (COIC); Nilson Sarti, da Comiss\u00e3o de Meio Ambiente e Sustentabilidade (CMA); e Clausens Duarte, da Comiss\u00e3o de Habita\u00e7\u00e3o de Interesse Social (CHIS).<\/span><span data-contrast=\"auto\">\u00a0<\/span><span data-ccp-props=\"{&quot;335551550&quot;:6,&quot;335551620&quot;:6}\">\u00a0<\/span><\/p>\n<p><span data-ccp-props=\"{}\">\u00a0<\/span><\/p>\n<p>The post <a href=\"https:\/\/cbic.org.br\/cbic-reune-conselho-para-discutir-cenario-politico-e-prioridades-da-nova-gestao\/\">CBIC re\u00fane Conselho para discutir cen\u00e1rio pol\u00edtico e prioridades da nova gest\u00e3o\u00a0<\/a> appeared first on <a href=\"https:\/\/cbic.org.br\/\">CBIC \u2013 C\u00e2mara Brasileira da Industria da Constru\u00e7\u00e3o<\/a>.<\/p>","protected":false},"excerpt":{"rendered":"<p>O cen\u00e1rio pol\u00edtico nacional e os desafios para a ind\u00fastria da constru\u00e7\u00e3o estiveram entre os temas da primeira Reuni\u00e3o do Conselho da C\u00e2mara Brasileira da Ind\u00fastria da Constru\u00e7\u00e3o (CBIC) da gest\u00e3o 2026\u20132029, realizada nesta quarta-feira (19), em Bras\u00edlia. O encontro reuniu dirigentes da entidade e&#8230;<\/p>\n","protected":false},"author":2,"featured_media":16886,"comment_status":"open","ping_status":"open","sticky":false,"template":"","format":"standard","meta":{"footnotes":""},"categories":[70],"tags":[],"class_list":["post-16885","post","type-post","status-publish","format-standard","has-post-thumbnail","hentry","category-mercado-imobiliario"],"_links":{"self":[{"href":"https:\/\/www.jpasini.com.br\/site\/wp-json\/wp\/v2\/posts\/16885","targetHints":{"allow":["GET"]}}],"collection":[{"href":"https:\/\/www.jpasini.com.br\/site\/wp-json\/wp\/v2\/posts"}],"about":[{"href":"https:\/\/www.jpasini.com.br\/site\/wp-json\/wp\/v2\/types\/post"}],"author":[{"embeddable":true,"href":"https:\/\/www.jpasini.com.br\/site\/wp-json\/wp\/v2\/users\/2"}],"replies":[{"embeddable":true,"href":"https:\/\/www.jpasini.com.br\/site\/wp-json\/wp\/v2\/comments?post=16885"}],"version-history":[{"count":0,"href":"https:\/\/www.jpasini.com.br\/site\/wp-json\/wp\/v2\/posts\/16885\/revisions"}],"wp:featuredmedia":[{"embeddable":true,"href":"https:\/\/www.jpasini.com.br\/site\/wp-json\/wp\/v2\/media\/16886"}],"wp:attachment":[{"href":"https:\/\/www.jpasini.com.br\/site\/wp-json\/wp\/v2\/media?parent=16885"}],"wp:term":[{"taxonomy":"category","embeddable":true,"href":"https:\/\/www.jpasini.com.br\/site\/wp-json\/wp\/v2\/categories?post=16885"},{"taxonomy":"post_tag","embeddable":true,"href":"https:\/\/www.jpasini.com.br\/site\/wp-json\/wp\/v2\/tags?post=16885"}],"curies":[{"name":"wp","href":"https:\/\/api.w.org\/{rel}","templated":true}]}}