{"id":16829,"date":"2026-08-12T16:03:26","date_gmt":"2026-08-12T19:03:26","guid":{"rendered":"https:\/\/www.jpasini.com.br\/site\/cbic-promove-rodada-de-negocios-para-discutir-recursos-e-caminhos-de-habitacao-de-interesse-social\/"},"modified":"2026-08-12T16:03:26","modified_gmt":"2026-08-12T19:03:26","slug":"cbic-promove-rodada-de-negocios-para-discutir-recursos-e-caminhos-de-habitacao-de-interesse-social","status":"publish","type":"post","link":"https:\/\/www.jpasini.com.br\/site\/cbic-promove-rodada-de-negocios-para-discutir-recursos-e-caminhos-de-habitacao-de-interesse-social\/","title":{"rendered":"CBIC promove rodada de neg\u00f3cios para discutir recursos e caminhos de habita\u00e7\u00e3o de interesse social"},"content":{"rendered":"<p><img decoding=\"async\" src=\"https:\/\/cbic.org.br\/wp-content\/uploads\/2026\/08\/chis-rodada-de-negocios-da-habitacaowide-pm-scaled.png\" class=\"attachment-post-thumbnail size-post-thumbnail wp-post-image\" alt=\"\" \/><\/p>\n<p><span>A execu\u00e7\u00e3o do Minha Casa, Minha Vida (MCMV), o or\u00e7amento do FGTS e do FAR, o reequil\u00edbrio de contratos e os ajustes necess\u00e1rios para ampliar a produ\u00e7\u00e3o habitacional est\u00e3o entre os principais temas da 4\u00aa Rodada de Neg\u00f3cios da Habita\u00e7\u00e3o, promovida pela C\u00e2mara Brasileira da Ind\u00fastria da Constru\u00e7\u00e3o (CBIC), por meio da Comiss\u00e3o de Habita\u00e7\u00e3o de Interesse Social (CHIS), no dia 20 de agosto, em Bras\u00edlia. O encontro reunir\u00e1 representantes do setor da constru\u00e7\u00e3o, governo e institui\u00e7\u00f5es financeiras para discutir medidas e oportunidades para a habita\u00e7\u00e3o de interesse social.<\/span><\/p>\n<p><span>Realizado na sede da CBIC, o evento ter\u00e1 programa\u00e7\u00e3o dividida em dois per\u00edodos. Pela manh\u00e3, das 9h30 \u00e0s 12h, a reuni\u00e3o ser\u00e1 fechada e dedicada aos associados da entidade, com debates sobre o processo or\u00e7ament\u00e1rio do MCMV, a execu\u00e7\u00e3o do FGTS e do FAR em 2026 e temas relacionados \u00e0 contrata\u00e7\u00e3o e ao andamento dos empreendimentos.<\/span><\/p>\n<p><span>A reuni\u00e3o come\u00e7a com a palestra \u201cO Processo or\u00e7ament\u00e1rio e as oportunidades para Habita\u00e7\u00e3o&#8221; com Ricardo Alberto Volpe, consultor geral de Or\u00e7amento e Fiscaliza\u00e7\u00e3o Financeira da C\u00e2mara dos Deputados, sobre as emendas voltadas para o programa MCMV.\u00a0<\/span><\/p>\n<p><span>No per\u00edodo da tarde, das 14h \u00e0s 17h, a programa\u00e7\u00e3o ser\u00e1 ampliada com a participa\u00e7\u00e3o de autoridades e representantes da CAIXA. O debate ter\u00e1 como foco o mercado habitacional, incluindo a avalia\u00e7\u00e3o das propostas apresentadas ao governo, o diagn\u00f3stico de inadimpl\u00eancia e pr\u00f3-soluto e as atualiza\u00e7\u00f5es do MCMV-Cidades. Tamb\u00e9m ser\u00e3o discutidos o reequil\u00edbrio das obras do FAR, os prazos para apresenta\u00e7\u00e3o de propostas, a atualiza\u00e7\u00e3o dos valores dos contratos e quest\u00f5es relacionadas \u00e0 execu\u00e7\u00e3o dos empreendimentos.<\/span><\/p>\n<p><span>A 4\u00aa Rodada de Neg\u00f3cios da Habita\u00e7\u00e3o ser\u00e1 realizada presencialmente no audit\u00f3rio do 4\u00ba andar da sede da CBIC, em Bras\u00edlia. As inscri\u00e7\u00f5es para participar do encontro j\u00e1 est\u00e3o abertas e podem ser realizadas <a href=\"https:\/\/brasil.cbic.org.br\/cbic-chis-rodada-de-negocios-da-habitacao-da-chis-19-08-2026.\">aqui<\/a><\/span><\/p>\n<p><span>Participe!\u00a0<\/span><\/p>\n<p><span>O tema tem interface com o projeto \u201cSeguran\u00e7a Habitacional como Garantia B\u00e1sica para a Qualidade de Vida e Integridade F\u00edsica do Trabalhador\u201d, da Comiss\u00e3o de Habita\u00e7\u00e3o de Interesse Social (CHIS) da CBIC, em parceria com o Servi\u00e7o Social da Ind\u00fastria (Sesi). <\/span><\/p>\n<p>The post <a href=\"https:\/\/cbic.org.br\/cbic-promove-rodada-de-negocios-para-discutir-recursos-e-caminhos-de-habitacao-de-interesse-social\/\">CBIC promove rodada de neg\u00f3cios para discutir recursos e caminhos de habita\u00e7\u00e3o de interesse social<\/a> appeared first on <a href=\"https:\/\/cbic.org.br\/\">CBIC \u2013 C\u00e2mara Brasileira da Industria da Constru\u00e7\u00e3o<\/a>.<\/p>","protected":false},"excerpt":{"rendered":"<p>A execu\u00e7\u00e3o do Minha Casa, Minha Vida (MCMV), o or\u00e7amento do FGTS e do FAR, o reequil\u00edbrio de contratos e os ajustes necess\u00e1rios para ampliar a produ\u00e7\u00e3o habitacional est\u00e3o entre os principais temas da 4\u00aa Rodada de Neg\u00f3cios da Habita\u00e7\u00e3o, promovida pela C\u00e2mara Brasileira da&#8230;<\/p>\n","protected":false},"author":2,"featured_media":16830,"comment_status":"open","ping_status":"open","sticky":false,"template":"","format":"standard","meta":{"footnotes":""},"categories":[70],"tags":[],"class_list":["post-16829","post","type-post","status-publish","format-standard","has-post-thumbnail","hentry","category-mercado-imobiliario"],"_links":{"self":[{"href":"https:\/\/www.jpasini.com.br\/site\/wp-json\/wp\/v2\/posts\/16829","targetHints":{"allow":["GET"]}}],"collection":[{"href":"https:\/\/www.jpasini.com.br\/site\/wp-json\/wp\/v2\/posts"}],"about":[{"href":"https:\/\/www.jpasini.com.br\/site\/wp-json\/wp\/v2\/types\/post"}],"author":[{"embeddable":true,"href":"https:\/\/www.jpasini.com.br\/site\/wp-json\/wp\/v2\/users\/2"}],"replies":[{"embeddable":true,"href":"https:\/\/www.jpasini.com.br\/site\/wp-json\/wp\/v2\/comments?post=16829"}],"version-history":[{"count":0,"href":"https:\/\/www.jpasini.com.br\/site\/wp-json\/wp\/v2\/posts\/16829\/revisions"}],"wp:featuredmedia":[{"embeddable":true,"href":"https:\/\/www.jpasini.com.br\/site\/wp-json\/wp\/v2\/media\/16830"}],"wp:attachment":[{"href":"https:\/\/www.jpasini.com.br\/site\/wp-json\/wp\/v2\/media?parent=16829"}],"wp:term":[{"taxonomy":"category","embeddable":true,"href":"https:\/\/www.jpasini.com.br\/site\/wp-json\/wp\/v2\/categories?post=16829"},{"taxonomy":"post_tag","embeddable":true,"href":"https:\/\/www.jpasini.com.br\/site\/wp-json\/wp\/v2\/tags?post=16829"}],"curies":[{"name":"wp","href":"https:\/\/api.w.org\/{rel}","templated":true}]}}