{"id":16827,"date":"2026-08-12T16:10:27","date_gmt":"2026-08-12T19:10:27","guid":{"rendered":"https:\/\/www.jpasini.com.br\/site\/projeto-trilhas-profissionais-e-apresentado-no-encontro-das-regionais-do-sinduscon-sp\/"},"modified":"2026-08-12T16:10:27","modified_gmt":"2026-08-12T19:10:27","slug":"projeto-trilhas-profissionais-e-apresentado-no-encontro-das-regionais-do-sinduscon-sp","status":"publish","type":"post","link":"https:\/\/www.jpasini.com.br\/site\/projeto-trilhas-profissionais-e-apresentado-no-encontro-das-regionais-do-sinduscon-sp\/","title":{"rendered":"Projeto Trilhas Profissionais \u00e9 apresentado no encontro das regionais do SindusCon-SP"},"content":{"rendered":"<p><img decoding=\"async\" src=\"https:\/\/cbic.org.br\/wp-content\/uploads\/2026\/08\/reuniao-wide.jpeg\" class=\"attachment-post-thumbnail size-post-thumbnail wp-post-image\" alt=\"\" \/><\/p>\n<p>A cria\u00e7\u00e3o de trilhas de carreira para profissionais da constru\u00e7\u00e3o foi um dos principais temas do encontro dos diretores das Regionais do SindusCon-SP, realizado em 11 de agosto, na Unidade Central do Seconci-SP. A reuni\u00e3o contou com a participa\u00e7\u00e3o do presidente da Comiss\u00e3o de Pol\u00edtica de Rela\u00e7\u00f5es Trabalhistas da C\u00e2mara Brasileira da Ind\u00fastria da Constru\u00e7\u00e3o (CBIC), David Fratel. O encontro tamb\u00e9m abordou os servi\u00e7os oferecidos pelo Seconci-SP e quest\u00f5es relacionadas \u00e0s rela\u00e7\u00f5es trabalhistas no setor.<\/p>\n<p>Fratel, que tamb\u00e9m \u00e9 diretor de Gente do SindusCon-SP, apresentou o projeto de Trilhas Profissionais, desenvolvido pelo SindusCon-SP em parceria com o Senai-SP, Sintracon-SP e Feticom-SP. A iniciativa ser\u00e1 lan\u00e7ada no dia 2 de setembro, na Fiesp, e posteriormente apresentada em um roadshow pelas Regionais do SindusCon-SP.<\/p>\n<p>A proposta prev\u00ea a cria\u00e7\u00e3o de trilhas de carreira para as diferentes profiss\u00f5es exercidas nos canteiros de obras, com novas nomenclaturas de fun\u00e7\u00f5es e uma trajet\u00f3ria profissional associada \u00e0 qualifica\u00e7\u00e3o. Os trabalhadores poder\u00e3o avan\u00e7ar nas carreiras a partir de cursos oferecidos pelo Senai-SP e por fornecedores de materiais e sistemas construtivos.<\/p>\n<p>Para Fratel, a participa\u00e7\u00e3o da CBIC amplia o alcance da iniciativa e cria condi\u00e7\u00f5es para que a metodologia desenvolvida em S\u00e3o Paulo seja disseminada nacionalmente. \u201cO projeto das Trilhas Profissionais ganha uma dimens\u00e3o hist\u00f3rica com a chegada da CPRT\/CBIC como grande parceira estrat\u00e9gica. Ao congregar os Sinduscons de todo o pa\u00eds, a CBIC assume o papel fundamental de vetor de expans\u00e3o dessa metodologia\u201d, afirmou.<\/p>\n<p>Segundo o diretor, a iniciativa tamb\u00e9m contribui para enfrentar desafios relacionados \u00e0 atra\u00e7\u00e3o, valoriza\u00e7\u00e3o e perman\u00eancia de trabalhadores na constru\u00e7\u00e3o. \u201cEsta alian\u00e7a n\u00e3o apenas valida a robustez do modelo paulista, mas estabelece um marco definitivo: o futuro da gest\u00e3o de pessoas e da industrializa\u00e7\u00e3o na constru\u00e7\u00e3o civil brasileira come\u00e7a em S\u00e3o Paulo e ganha escala para integrar, padronizar e revolucionar os canteiros de obras em todo o Brasil\u201d, destacou.<\/p>\n<p>Durante o encontro, Fratel tamb\u00e9m apresentou uma an\u00e1lise sobre o projeto de lei de redu\u00e7\u00e3o da jornada de trabalho e seus poss\u00edveis impactos para a economia e para a constru\u00e7\u00e3o.<\/p>\n<p>Participaram da reuni\u00e3o o presidente-executivo do SindusCon-SP, Eduardo Zaidan; a presidente do Seconci-SP e vice-presidente de Rela\u00e7\u00f5es Capital-Trabalho e Responsabilidade Social do SindusCon-SP, Maristela Honda; o vice-presidente de Rela\u00e7\u00f5es Capital-Trabalho e Responsabilidade Social do SindusCon-SP e membro do Conselho Deliberativo do Seconci-SP, Haruo Ishikawa; e os conselheiros do Seconci-SP Antonio Carlos Salgueiro Araujo, Antonio Pereira e Edgard Camolese. A reuni\u00e3o foi conduzida pelo vice-presidente de Interior do SindusCon-SP, Victor Bassan de Almeida.<\/p>\n<p>The post <a href=\"https:\/\/cbic.org.br\/projeto-trilhas-profissionais-e-apresentado-no-encontro-das-regionais-do-sinduscon-sp\/\">Projeto Trilhas Profissionais \u00e9 apresentado no encontro das regionais do SindusCon-SP<\/a> appeared first on <a href=\"https:\/\/cbic.org.br\/\">CBIC \u2013 C\u00e2mara Brasileira da Industria da Constru\u00e7\u00e3o<\/a>.<\/p>","protected":false},"excerpt":{"rendered":"<p>A cria\u00e7\u00e3o de trilhas de carreira para profissionais da constru\u00e7\u00e3o foi um dos principais temas do encontro dos diretores das Regionais do SindusCon-SP, realizado em 11 de agosto, na Unidade Central do Seconci-SP. A reuni\u00e3o contou com a participa\u00e7\u00e3o do presidente da Comiss\u00e3o de Pol\u00edtica&#8230;<\/p>\n","protected":false},"author":2,"featured_media":16828,"comment_status":"open","ping_status":"open","sticky":false,"template":"","format":"standard","meta":{"footnotes":""},"categories":[70],"tags":[],"class_list":["post-16827","post","type-post","status-publish","format-standard","has-post-thumbnail","hentry","category-mercado-imobiliario"],"_links":{"self":[{"href":"https:\/\/www.jpasini.com.br\/site\/wp-json\/wp\/v2\/posts\/16827","targetHints":{"allow":["GET"]}}],"collection":[{"href":"https:\/\/www.jpasini.com.br\/site\/wp-json\/wp\/v2\/posts"}],"about":[{"href":"https:\/\/www.jpasini.com.br\/site\/wp-json\/wp\/v2\/types\/post"}],"author":[{"embeddable":true,"href":"https:\/\/www.jpasini.com.br\/site\/wp-json\/wp\/v2\/users\/2"}],"replies":[{"embeddable":true,"href":"https:\/\/www.jpasini.com.br\/site\/wp-json\/wp\/v2\/comments?post=16827"}],"version-history":[{"count":0,"href":"https:\/\/www.jpasini.com.br\/site\/wp-json\/wp\/v2\/posts\/16827\/revisions"}],"wp:featuredmedia":[{"embeddable":true,"href":"https:\/\/www.jpasini.com.br\/site\/wp-json\/wp\/v2\/media\/16828"}],"wp:attachment":[{"href":"https:\/\/www.jpasini.com.br\/site\/wp-json\/wp\/v2\/media?parent=16827"}],"wp:term":[{"taxonomy":"category","embeddable":true,"href":"https:\/\/www.jpasini.com.br\/site\/wp-json\/wp\/v2\/categories?post=16827"},{"taxonomy":"post_tag","embeddable":true,"href":"https:\/\/www.jpasini.com.br\/site\/wp-json\/wp\/v2\/tags?post=16827"}],"curies":[{"name":"wp","href":"https:\/\/api.w.org\/{rel}","templated":true}]}}