{"id":16825,"date":"2026-08-12T16:15:19","date_gmt":"2026-08-12T19:15:19","guid":{"rendered":"https:\/\/www.jpasini.com.br\/site\/julgamento-sobre-constitucionalidade-da-lei-geral-do-licenciamento-ambiental-e-adiado-no-stf\/"},"modified":"2026-08-12T16:15:19","modified_gmt":"2026-08-12T19:15:19","slug":"julgamento-sobre-constitucionalidade-da-lei-geral-do-licenciamento-ambiental-e-adiado-no-stf","status":"publish","type":"post","link":"https:\/\/www.jpasini.com.br\/site\/julgamento-sobre-constitucionalidade-da-lei-geral-do-licenciamento-ambiental-e-adiado-no-stf\/","title":{"rendered":"Julgamento sobre constitucionalidade da Lei Geral do Licenciamento Ambiental \u00e9 adiado no STF"},"content":{"rendered":"<p><img decoding=\"async\" src=\"https:\/\/cbic.org.br\/wp-content\/uploads\/2026\/08\/whatsapp-image-2026-08-11-at-144531.jpeg\" class=\"attachment-post-thumbnail size-post-thumbnail wp-post-image\" alt=\"\" \/><\/p>\n<p>O julgamento das a\u00e7\u00f5es que discutem a constitucionalidade da Lei Geral do Licenciamento Ambiental (Lei n\u00ba 15.190\/2025), que estava previsto para esta quarta-feira (12) no Supremo Tribunal Federal (STF), foi adiado. At\u00e9 o momento, n\u00e3o h\u00e1 nova data definida para a an\u00e1lise da mat\u00e9ria.<\/p>\n<p>A C\u00e2mara Brasileira da Ind\u00fastria da Constru\u00e7\u00e3o (CBIC), que participa do processo como autora de uma A\u00e7\u00e3o Declarat\u00f3ria de Constitucionalidade (ADC), acompanha o andamento da pauta no Supremo.<\/p>\n<p>O consultor jur\u00eddico ambiental da CBIC, Marcos Saes, destaca que, enquanto n\u00e3o houver uma decis\u00e3o do Supremo, a legisla\u00e7\u00e3o segue em vigor e deve orientar os processos de licenciamento no pa\u00eds. \u201cO resultado muito importante sobre isso \u00e9 que a lei est\u00e1 em vigor e todos os \u00f3rg\u00e3os ambientais devem seguir os seus par\u00e2metros. Fica, ent\u00e3o, o recado para os empreendedores e para os \u00f3rg\u00e3os: todo licenciamento ambiental deve ser baseado na Lei n\u00ba 15.190, de 2025\u201d, afirma Saes.<\/p>\n<p>A CBIC defende a constitucionalidade da Lei Geral do Licenciamento Ambiental e avalia que a nova legisla\u00e7\u00e3o representa um avan\u00e7o para a seguran\u00e7a jur\u00eddica, a moderniza\u00e7\u00e3o dos procedimentos e o desenvolvimento sustent\u00e1vel do pa\u00eds.<\/p>\n<p>Para a entidade, a defini\u00e7\u00e3o de normas gerais para o licenciamento em todo o territ\u00f3rio nacional contribui para reduzir diverg\u00eancias de interpreta\u00e7\u00e3o, aumentar a previsibilidade dos processos e oferecer maior seguran\u00e7a tanto aos \u00f3rg\u00e3os respons\u00e1veis pelo licenciamento quanto aos setores que realizam investimentos em infraestrutura, habita\u00e7\u00e3o, saneamento, mobilidade, energia e outras \u00e1reas.<\/p>\n<p>A CBIC seguir\u00e1 acompanhando o andamento das a\u00e7\u00f5es no STF e informar\u00e1 assim que houver uma nova data para o julgamento.<\/p>\n<p>The post <a href=\"https:\/\/cbic.org.br\/julgamento-sobre-constitucionalidade-da-lei-geral-do-licenciamento-ambiental-e-adiado-no-stf\/\">Julgamento sobre constitucionalidade da Lei Geral do Licenciamento Ambiental \u00e9 adiado no STF<\/a> appeared first on <a href=\"https:\/\/cbic.org.br\/\">CBIC \u2013 C\u00e2mara Brasileira da Industria da Constru\u00e7\u00e3o<\/a>.<\/p>","protected":false},"excerpt":{"rendered":"<p>O julgamento das a\u00e7\u00f5es que discutem a constitucionalidade da Lei Geral do Licenciamento Ambiental (Lei n\u00ba 15.190\/2025), que estava previsto para esta quarta-feira (12) no Supremo Tribunal Federal (STF), foi adiado. At\u00e9 o momento, n\u00e3o h\u00e1 nova data definida para a an\u00e1lise da mat\u00e9ria. A&#8230;<\/p>\n","protected":false},"author":2,"featured_media":16826,"comment_status":"open","ping_status":"open","sticky":false,"template":"","format":"standard","meta":{"footnotes":""},"categories":[70],"tags":[],"class_list":["post-16825","post","type-post","status-publish","format-standard","has-post-thumbnail","hentry","category-mercado-imobiliario"],"_links":{"self":[{"href":"https:\/\/www.jpasini.com.br\/site\/wp-json\/wp\/v2\/posts\/16825","targetHints":{"allow":["GET"]}}],"collection":[{"href":"https:\/\/www.jpasini.com.br\/site\/wp-json\/wp\/v2\/posts"}],"about":[{"href":"https:\/\/www.jpasini.com.br\/site\/wp-json\/wp\/v2\/types\/post"}],"author":[{"embeddable":true,"href":"https:\/\/www.jpasini.com.br\/site\/wp-json\/wp\/v2\/users\/2"}],"replies":[{"embeddable":true,"href":"https:\/\/www.jpasini.com.br\/site\/wp-json\/wp\/v2\/comments?post=16825"}],"version-history":[{"count":0,"href":"https:\/\/www.jpasini.com.br\/site\/wp-json\/wp\/v2\/posts\/16825\/revisions"}],"wp:featuredmedia":[{"embeddable":true,"href":"https:\/\/www.jpasini.com.br\/site\/wp-json\/wp\/v2\/media\/16826"}],"wp:attachment":[{"href":"https:\/\/www.jpasini.com.br\/site\/wp-json\/wp\/v2\/media?parent=16825"}],"wp:term":[{"taxonomy":"category","embeddable":true,"href":"https:\/\/www.jpasini.com.br\/site\/wp-json\/wp\/v2\/categories?post=16825"},{"taxonomy":"post_tag","embeddable":true,"href":"https:\/\/www.jpasini.com.br\/site\/wp-json\/wp\/v2\/tags?post=16825"}],"curies":[{"name":"wp","href":"https:\/\/api.w.org\/{rel}","templated":true}]}}