{"id":16823,"date":"2026-08-10T18:14:44","date_gmt":"2026-08-10T21:14:44","guid":{"rendered":"https:\/\/www.jpasini.com.br\/site\/cbic-e-ibape-promovem-seminario-sobre-integracao-entre-engenharia-e-direito\/"},"modified":"2026-08-10T18:14:44","modified_gmt":"2026-08-10T21:14:44","slug":"cbic-e-ibape-promovem-seminario-sobre-integracao-entre-engenharia-e-direito","status":"publish","type":"post","link":"https:\/\/www.jpasini.com.br\/site\/cbic-e-ibape-promovem-seminario-sobre-integracao-entre-engenharia-e-direito\/","title":{"rendered":"CBIC e IBAPE promovem semin\u00e1rio sobre integra\u00e7\u00e3o entre Engenharia e Direito\u00a0"},"content":{"rendered":"<p><img decoding=\"async\" src=\"https:\/\/cbic.org.br\/wp-content\/uploads\/2026\/08\/whatsapp-image-2026-08-10-at-55907-pm.jpeg\" class=\"attachment-post-thumbnail size-post-thumbnail wp-post-image\" alt=\"\" \/><\/p>\n<p><span data-contrast=\"auto\">A C\u00e2mara Brasileira da Ind\u00fastria da Constru\u00e7\u00e3o (CBIC), por meio de seu Conselho Jur\u00eddico\u00a0(CONJUR), e o Instituto Brasileiro de Avalia\u00e7\u00f5es e Per\u00edcias de Engenharia (IBAPE) realizam, no dia 3 de setembro, o Semin\u00e1rio \u201cDi\u00e1logo entre Engenharia e Direito\u201d. O evento ser\u00e1 realizado das 8h \u00e0s 13h, no Seconci-SP, em S\u00e3o Paulo, e reunir\u00e1 especialistas das \u00e1reas t\u00e9cnica e jur\u00eddica para discutir temas relacionados \u00e0 engenharia e sua interface com o Direito.<\/span><span data-ccp-props=\"{&quot;134233117&quot;:false,&quot;134233118&quot;:false,&quot;201341983&quot;:0,&quot;335551550&quot;:6,&quot;335551620&quot;:6,&quot;335559685&quot;:0,&quot;335559737&quot;:0,&quot;335559738&quot;:240,&quot;335559739&quot;:240,&quot;335559740&quot;:279}\">\u00a0<\/span><\/p>\n<p><span data-contrast=\"auto\">O semin\u00e1rio ser\u00e1 uma oportunidade para discutir a interface entre Engenharia e Direito em temas como per\u00edcias de engenharia, normas t\u00e9cnicas, garantias e v\u00edcios construtivos, aproximando os conhecimentos t\u00e9cnico e jur\u00eddico aplicados ao setor da constru\u00e7\u00e3o.<\/span><span data-ccp-props=\"{&quot;134233117&quot;:false,&quot;134233118&quot;:false,&quot;335551550&quot;:6,&quot;335551620&quot;:6,&quot;335559738&quot;:240,&quot;335559739&quot;:240}\">\u00a0<\/span><\/p>\n<p><span data-contrast=\"auto\">Entre os destaques da programa\u00e7\u00e3o est\u00e1 o painel \u201cPrazo de Garantia: Mitos e Verdades\u201d, com participa\u00e7\u00e3o do CONJUR. O debate abordar\u00e1 aspectos t\u00e9cnicos e jur\u00eddicos relacionados aos prazos de garantia na constru\u00e7\u00e3o civil, tema de relev\u00e2ncia para o setor e que envolve diretamente quest\u00f5es de engenharia e Direito.<\/span><span data-ccp-props=\"{&quot;134233117&quot;:false,&quot;134233118&quot;:false,&quot;335551550&quot;:6,&quot;335551620&quot;:6,&quot;335559738&quot;:240,&quot;335559739&quot;:240}\">\u00a0<\/span><\/p>\n<p><span data-contrast=\"auto\">O semin\u00e1rio tamb\u00e9m contar\u00e1 com o lan\u00e7amento do \u201cRoteiro Pr\u00e1tico das Normas da ABNT para Advogados\u201d, publica\u00e7\u00e3o desenvolvida pela CBIC e pelo IBAPE com o objetivo de aproximar o conhecimento t\u00e9cnico da pr\u00e1tica jur\u00eddica. O material re\u00fane subs\u00eddios para a atua\u00e7\u00e3o de advogados, magistrados, \u00e1rbitros e peritos na interpreta\u00e7\u00e3o e aplica\u00e7\u00e3o das normas t\u00e9cnicas.<\/span><span data-ccp-props=\"{&quot;134233117&quot;:false,&quot;134233118&quot;:false,&quot;335551550&quot;:6,&quot;335551620&quot;:6,&quot;335559738&quot;:240,&quot;335559739&quot;:240}\">\u00a0<\/span><\/p>\n<p><a href=\"https:\/\/ibape-nacional.com.br\/site\/evento\/seminario-cbic-e-ibape-dialogo-entre-engenharia-e-direito\/?utm_source=ig&amp;utm_medium=social&amp;utm_content=link_in_bio\"><span data-contrast=\"none\">Participe!<\/span><\/a><span data-ccp-props=\"{&quot;335551550&quot;:6,&quot;335551620&quot;:6}\">\u00a0<\/span><\/p>\n<p>The post <a href=\"https:\/\/cbic.org.br\/cbic-e-ibape-promovem-seminario-sobre-integracao-entre-engenharia-e-direito\/\">CBIC e IBAPE promovem semin\u00e1rio sobre integra\u00e7\u00e3o entre Engenharia e Direito\u00a0<\/a> appeared first on <a href=\"https:\/\/cbic.org.br\/\">CBIC \u2013 C\u00e2mara Brasileira da Industria da Constru\u00e7\u00e3o<\/a>.<\/p>","protected":false},"excerpt":{"rendered":"<p>A C\u00e2mara Brasileira da Ind\u00fastria da Constru\u00e7\u00e3o (CBIC), por meio de seu Conselho Jur\u00eddico\u00a0(CONJUR), e o Instituto Brasileiro de Avalia\u00e7\u00f5es e Per\u00edcias de Engenharia (IBAPE) realizam, no dia 3 de setembro, o Semin\u00e1rio \u201cDi\u00e1logo entre Engenharia e Direito\u201d. O evento ser\u00e1 realizado das 8h \u00e0s&#8230;<\/p>\n","protected":false},"author":2,"featured_media":16824,"comment_status":"open","ping_status":"open","sticky":false,"template":"","format":"standard","meta":{"footnotes":""},"categories":[70],"tags":[],"class_list":["post-16823","post","type-post","status-publish","format-standard","has-post-thumbnail","hentry","category-mercado-imobiliario"],"_links":{"self":[{"href":"https:\/\/www.jpasini.com.br\/site\/wp-json\/wp\/v2\/posts\/16823","targetHints":{"allow":["GET"]}}],"collection":[{"href":"https:\/\/www.jpasini.com.br\/site\/wp-json\/wp\/v2\/posts"}],"about":[{"href":"https:\/\/www.jpasini.com.br\/site\/wp-json\/wp\/v2\/types\/post"}],"author":[{"embeddable":true,"href":"https:\/\/www.jpasini.com.br\/site\/wp-json\/wp\/v2\/users\/2"}],"replies":[{"embeddable":true,"href":"https:\/\/www.jpasini.com.br\/site\/wp-json\/wp\/v2\/comments?post=16823"}],"version-history":[{"count":0,"href":"https:\/\/www.jpasini.com.br\/site\/wp-json\/wp\/v2\/posts\/16823\/revisions"}],"wp:featuredmedia":[{"embeddable":true,"href":"https:\/\/www.jpasini.com.br\/site\/wp-json\/wp\/v2\/media\/16824"}],"wp:attachment":[{"href":"https:\/\/www.jpasini.com.br\/site\/wp-json\/wp\/v2\/media?parent=16823"}],"wp:term":[{"taxonomy":"category","embeddable":true,"href":"https:\/\/www.jpasini.com.br\/site\/wp-json\/wp\/v2\/categories?post=16823"},{"taxonomy":"post_tag","embeddable":true,"href":"https:\/\/www.jpasini.com.br\/site\/wp-json\/wp\/v2\/tags?post=16823"}],"curies":[{"name":"wp","href":"https:\/\/api.w.org\/{rel}","templated":true}]}}