{"id":16785,"date":"2026-08-04T16:45:31","date_gmt":"2026-08-04T19:45:31","guid":{"rendered":"https:\/\/www.jpasini.com.br\/site\/presidente-da-cbic-debate-habitacao-infraestrutura-e-desenvolvimento-urbano-em-reuniao-com-ministro-das-cidades\/"},"modified":"2026-08-04T16:45:31","modified_gmt":"2026-08-04T19:45:31","slug":"presidente-da-cbic-debate-habitacao-infraestrutura-e-desenvolvimento-urbano-em-reuniao-com-ministro-das-cidades","status":"publish","type":"post","link":"https:\/\/www.jpasini.com.br\/site\/presidente-da-cbic-debate-habitacao-infraestrutura-e-desenvolvimento-urbano-em-reuniao-com-ministro-das-cidades\/","title":{"rendered":"Presidente da CBIC debate habita\u00e7\u00e3o, infraestrutura e desenvolvimento urbano em reuni\u00e3o com ministro das Cidades"},"content":{"rendered":"<p><img decoding=\"async\" src=\"https:\/\/cbic.org.br\/wp-content\/uploads\/2026\/08\/whatsapp-image-2026-08-04-at-161806.jpeg\" class=\"attachment-post-thumbnail size-post-thumbnail wp-post-image\" alt=\"\" \/><\/p>\n<p>Refor\u00e7ando o compromisso da C\u00e2mara Brasileira da Ind\u00fastria da Constru\u00e7\u00e3o (CBIC) com o di\u00e1logo institucional e a constru\u00e7\u00e3o de solu\u00e7\u00f5es para o desenvolvimento do pa\u00eds, o presidente da entidade, Eduardo Aroeira, participou de reuni\u00e3o, na tarde desta ter\u00e7a-feira (04.08), em Bras\u00edlia, com o ministro das Cidades, Vladimir Lima. O encontro marcou a primeira agenda oficial de Aroeira no minist\u00e9rio desde que assumiu a presid\u00eancia da CBIC, em julho, e teve como foco fortalecer a parceria entre o setor da constru\u00e7\u00e3o e o Governo Federal em pautas estrat\u00e9gicas para o Brasil.<\/p>\n<p>Durante a reuni\u00e3o, foram discutidos temas priorit\u00e1rios para o desenvolvimento da constru\u00e7\u00e3o civil e da infraestrutura nacional, como o aperfei\u00e7oamento das pol\u00edticas habitacionais, as formas de financiamento de obras de infraestrutura, os investimentos em saneamento b\u00e1sico, as a\u00e7\u00f5es de conten\u00e7\u00e3o de encostas e o fortalecimento de programas sociais, com destaque para o Minha Casa, Minha Vida.<\/p>\n<p><a href=\"https:\/\/cbic.org.br\/presidente-da-cbic-debate-habitacao-infraestrutura-e-desenvolvimento-urbano-em-reuniao-com-ministro-das-cidades\/whatsapp-image-2026-08-04-at-15-30-49\/\" rel=\"attachment wp-att-108265\"><img fetchpriority=\"high\" decoding=\"async\" class=\"aligncenter wp-image-108265 size-full\" src=\"https:\/\/cbic.org.br\/wp-content\/uploads\/2026\/08\/whatsapp-image-2026-08-04-at-153049.jpeg\" alt=\"\" width=\"1280\" height=\"693\" \/><\/a><\/p>\n<p>&#8220;Esta foi minha primeira agenda no Minist\u00e9rio das Cidades como presidente da CBIC e uma oportunidade importante para reafirmarmos a disposi\u00e7\u00e3o da entidade em contribuir com propostas para o desenvolvimento do pa\u00eds. Conversamos sobre temas fundamentais para a constru\u00e7\u00e3o civil e para a popula\u00e7\u00e3o brasileira, como o financiamento de obras de infraestrutura, os investimentos em saneamento, a conten\u00e7\u00e3o de encostas e o fortalecimento do Minha Casa, Minha Vida, para que essas pol\u00edticas p\u00fablicas cheguem cada vez mais \u00e0 ponta&#8221;, afirmou Eduardo Aroeira.<\/p>\n<p>Durante o encontro, o presidente da CBIC tamb\u00e9m convidou o ministro Vladimir Lima para participar da cerim\u00f4nia de posse da nova diretoria da entidade, marcada para o pr\u00f3ximo dia 19. Tamb\u00e9m participou da reuni\u00e3o o presidente-executivo da CBIC, Fernando Guedes.<\/p>\n<p>The post <a href=\"https:\/\/cbic.org.br\/presidente-da-cbic-debate-habitacao-infraestrutura-e-desenvolvimento-urbano-em-reuniao-com-ministro-das-cidades\/\">Presidente da CBIC debate habita\u00e7\u00e3o, infraestrutura e desenvolvimento urbano em reuni\u00e3o com ministro das Cidades<\/a> appeared first on <a href=\"https:\/\/cbic.org.br\/\">CBIC \u2013 C\u00e2mara Brasileira da Industria da Constru\u00e7\u00e3o<\/a>.<\/p>","protected":false},"excerpt":{"rendered":"<p>Refor\u00e7ando o compromisso da C\u00e2mara Brasileira da Ind\u00fastria da Constru\u00e7\u00e3o (CBIC) com o di\u00e1logo institucional e a constru\u00e7\u00e3o de solu\u00e7\u00f5es para o desenvolvimento do pa\u00eds, o presidente da entidade, Eduardo Aroeira, participou de reuni\u00e3o, na tarde desta ter\u00e7a-feira (04.08), em Bras\u00edlia, com o ministro das&#8230;<\/p>\n","protected":false},"author":2,"featured_media":16786,"comment_status":"open","ping_status":"open","sticky":false,"template":"","format":"standard","meta":{"footnotes":""},"categories":[70],"tags":[],"class_list":["post-16785","post","type-post","status-publish","format-standard","has-post-thumbnail","hentry","category-mercado-imobiliario"],"_links":{"self":[{"href":"https:\/\/www.jpasini.com.br\/site\/wp-json\/wp\/v2\/posts\/16785","targetHints":{"allow":["GET"]}}],"collection":[{"href":"https:\/\/www.jpasini.com.br\/site\/wp-json\/wp\/v2\/posts"}],"about":[{"href":"https:\/\/www.jpasini.com.br\/site\/wp-json\/wp\/v2\/types\/post"}],"author":[{"embeddable":true,"href":"https:\/\/www.jpasini.com.br\/site\/wp-json\/wp\/v2\/users\/2"}],"replies":[{"embeddable":true,"href":"https:\/\/www.jpasini.com.br\/site\/wp-json\/wp\/v2\/comments?post=16785"}],"version-history":[{"count":0,"href":"https:\/\/www.jpasini.com.br\/site\/wp-json\/wp\/v2\/posts\/16785\/revisions"}],"wp:featuredmedia":[{"embeddable":true,"href":"https:\/\/www.jpasini.com.br\/site\/wp-json\/wp\/v2\/media\/16786"}],"wp:attachment":[{"href":"https:\/\/www.jpasini.com.br\/site\/wp-json\/wp\/v2\/media?parent=16785"}],"wp:term":[{"taxonomy":"category","embeddable":true,"href":"https:\/\/www.jpasini.com.br\/site\/wp-json\/wp\/v2\/categories?post=16785"},{"taxonomy":"post_tag","embeddable":true,"href":"https:\/\/www.jpasini.com.br\/site\/wp-json\/wp\/v2\/tags?post=16785"}],"curies":[{"name":"wp","href":"https:\/\/api.w.org\/{rel}","templated":true}]}}