{"id":16759,"date":"2026-07-30T18:27:39","date_gmt":"2026-07-30T21:27:39","guid":{"rendered":"https:\/\/www.jpasini.com.br\/site\/dncs-2026-esta-chegando-com-programacao-em-diversas-cidades-brasileiras\/"},"modified":"2026-07-30T18:27:39","modified_gmt":"2026-07-30T21:27:39","slug":"dncs-2026-esta-chegando-com-programacao-em-diversas-cidades-brasileiras","status":"publish","type":"post","link":"https:\/\/www.jpasini.com.br\/site\/dncs-2026-esta-chegando-com-programacao-em-diversas-cidades-brasileiras\/","title":{"rendered":"DNCS 2026 est\u00e1 chegando com programa\u00e7\u00e3o em diversas cidades brasileiras\u00a0"},"content":{"rendered":"<p><img decoding=\"async\" src=\"https:\/\/cbic.org.br\/wp-content\/uploads\/2026\/07\/whatsapp-image-2026-07-30-at-62337-pm.jpeg\" class=\"attachment-post-thumbnail size-post-thumbnail wp-post-image\" alt=\"\" \/><\/p>\n<p><span data-contrast=\"auto\">Falta menos de um m\u00eas para o\u00a0Dia Nacional da Constru\u00e7\u00e3o Social (DNCS) 2026, que ser\u00e1 realizado nos dias\u00a022 e 23 de agosto. A iniciativa levar\u00e1 a\u00e7\u00f5es de sa\u00fade, educa\u00e7\u00e3o, lazer, cidadania e bem-estar a trabalhadores da constru\u00e7\u00e3o e seus familiares em diversas regi\u00f5es do pa\u00eds.<\/span><span data-ccp-props=\"{&quot;134233117&quot;:false,&quot;134233118&quot;:false,&quot;335551550&quot;:6,&quot;335551620&quot;:6,&quot;335559738&quot;:240,&quot;335559739&quot;:240}\">\u00a0<\/span><\/p>\n<p><span data-contrast=\"auto\">Promovido pela\u00a0Comiss\u00e3o de Responsabilidade Social (CRS) da C\u00e2mara Brasileira da Ind\u00fastria da Constru\u00e7\u00e3o (CBIC), com promo\u00e7\u00e3o do\u00a0SESI\u00a0e apoio especial do\u00a0Seconci Brasil, o DNCS contar\u00e1 com programa\u00e7\u00e3o organizada pelas entidades locais, que definir\u00e3o as atividades, os hor\u00e1rios e os locais de realiza\u00e7\u00e3o em cada munic\u00edpio.<\/span><span data-ccp-props=\"{&quot;134233117&quot;:false,&quot;134233118&quot;:false,&quot;335551550&quot;:6,&quot;335551620&quot;:6,&quot;335559738&quot;:240,&quot;335559739&quot;:240}\">\u00a0<\/span><\/p>\n<p><span data-contrast=\"auto\">At\u00e9 o momento, est\u00e3o confirmadas as cidades de\u00a0Bel\u00e9m (PA), Boa Vista (RR), Manaus (AM), Fortaleza (CE), Salvador (BA), Macei\u00f3 (AL), S\u00e3o Lu\u00eds (MA),\u00a0Mossor\u00f3\u00a0(RN),\u00a0Goi\u00e2nia (GO), Volta Redonda (RJ), Belo Horizonte (MG), Maring\u00e1 (PR), Curitiba (PR),\u00a0Cascavel (PR),\u00a0e\u00a0Caxias do Sul (RS).<\/span><span data-ccp-props=\"{&quot;134233117&quot;:false,&quot;134233118&quot;:false,&quot;335551550&quot;:6,&quot;335551620&quot;:6,&quot;335559738&quot;:240,&quot;335559739&quot;:240}\">\u00a0<\/span><\/p>\n<p><span data-contrast=\"auto\">Embora cada localidade tenha uma programa\u00e7\u00e3o pr\u00f3pria, todas as a\u00e7\u00f5es ser\u00e3o voltadas ao atendimento dos trabalhadores da constru\u00e7\u00e3o e de seus familiares, com oferta de servi\u00e7os e atividades gratuitas.<\/span><span data-ccp-props=\"{&quot;134233117&quot;:false,&quot;134233118&quot;:false,&quot;335551550&quot;:6,&quot;335551620&quot;:6,&quot;335559738&quot;:240,&quot;335559739&quot;:240}\">\u00a0<\/span><\/p>\n<p><span data-contrast=\"auto\">Participe!<\/span><span data-ccp-props=\"{&quot;134233117&quot;:false,&quot;134233118&quot;:false,&quot;335551550&quot;:6,&quot;335551620&quot;:6,&quot;335559738&quot;:240,&quot;335559739&quot;:240}\">\u00a0<\/span><\/p>\n<p><span data-contrast=\"auto\">O tema tem interface com o projeto \u201cESG no Setor da Constru\u00e7\u00e3o\u201d, da Comiss\u00e3o de Responsabilidade Social (CRS\/CBIC), com a correaliza\u00e7\u00e3o do Servi\u00e7o Social da Ind\u00fastria (Sesi Nacional).<\/span><span data-ccp-props=\"{&quot;134233117&quot;:false,&quot;134233118&quot;:false,&quot;335551550&quot;:6,&quot;335551620&quot;:6,&quot;335559738&quot;:240,&quot;335559739&quot;:240}\">\u00a0<\/span><\/p>\n<p><span data-ccp-props=\"{}\">\u00a0<\/span><\/p>\n<p>The post <a href=\"https:\/\/cbic.org.br\/dncs-2026-esta-chegando-com-programacao-em-diversas-cidades-brasileiras\/\">DNCS 2026 est\u00e1 chegando com programa\u00e7\u00e3o em diversas cidades brasileiras\u00a0<\/a> appeared first on <a href=\"https:\/\/cbic.org.br\/\">CBIC \u2013 C\u00e2mara Brasileira da Industria da Constru\u00e7\u00e3o<\/a>.<\/p>","protected":false},"excerpt":{"rendered":"<p>Falta menos de um m\u00eas para o\u00a0Dia Nacional da Constru\u00e7\u00e3o Social (DNCS) 2026, que ser\u00e1 realizado nos dias\u00a022 e 23 de agosto. A iniciativa levar\u00e1 a\u00e7\u00f5es de sa\u00fade, educa\u00e7\u00e3o, lazer, cidadania e bem-estar a trabalhadores da constru\u00e7\u00e3o e seus familiares em diversas regi\u00f5es do pa\u00eds.\u00a0&#8230;<\/p>\n","protected":false},"author":2,"featured_media":16760,"comment_status":"open","ping_status":"open","sticky":false,"template":"","format":"standard","meta":{"footnotes":""},"categories":[70],"tags":[],"class_list":["post-16759","post","type-post","status-publish","format-standard","has-post-thumbnail","hentry","category-mercado-imobiliario"],"_links":{"self":[{"href":"https:\/\/www.jpasini.com.br\/site\/wp-json\/wp\/v2\/posts\/16759","targetHints":{"allow":["GET"]}}],"collection":[{"href":"https:\/\/www.jpasini.com.br\/site\/wp-json\/wp\/v2\/posts"}],"about":[{"href":"https:\/\/www.jpasini.com.br\/site\/wp-json\/wp\/v2\/types\/post"}],"author":[{"embeddable":true,"href":"https:\/\/www.jpasini.com.br\/site\/wp-json\/wp\/v2\/users\/2"}],"replies":[{"embeddable":true,"href":"https:\/\/www.jpasini.com.br\/site\/wp-json\/wp\/v2\/comments?post=16759"}],"version-history":[{"count":0,"href":"https:\/\/www.jpasini.com.br\/site\/wp-json\/wp\/v2\/posts\/16759\/revisions"}],"wp:featuredmedia":[{"embeddable":true,"href":"https:\/\/www.jpasini.com.br\/site\/wp-json\/wp\/v2\/media\/16760"}],"wp:attachment":[{"href":"https:\/\/www.jpasini.com.br\/site\/wp-json\/wp\/v2\/media?parent=16759"}],"wp:term":[{"taxonomy":"category","embeddable":true,"href":"https:\/\/www.jpasini.com.br\/site\/wp-json\/wp\/v2\/categories?post=16759"},{"taxonomy":"post_tag","embeddable":true,"href":"https:\/\/www.jpasini.com.br\/site\/wp-json\/wp\/v2\/tags?post=16759"}],"curies":[{"name":"wp","href":"https:\/\/api.w.org\/{rel}","templated":true}]}}