{"id":16707,"date":"2026-07-22T11:37:27","date_gmt":"2026-07-22T14:37:27","guid":{"rendered":"https:\/\/www.jpasini.com.br\/site\/seconci-sp-governo-atualiza-a-nr-10-sobre-riscos-eletricos\/"},"modified":"2026-07-22T11:37:27","modified_gmt":"2026-07-22T14:37:27","slug":"seconci-sp-governo-atualiza-a-nr-10-sobre-riscos-eletricos","status":"publish","type":"post","link":"https:\/\/www.jpasini.com.br\/site\/seconci-sp-governo-atualiza-a-nr-10-sobre-riscos-eletricos\/","title":{"rendered":"Seconci-SP: governo atualiza a NR 10 sobre riscos el\u00e9tricos"},"content":{"rendered":"<p><img decoding=\"async\" src=\"https:\/\/cbic.org.br\/wp-content\/uploads\/2026\/07\/jimmy-nilsson-masth-u3gik1u5j24-unsplash-scaled.jpg\" class=\"attachment-post-thumbnail size-post-thumbnail wp-post-image\" alt=\"\" \/><\/p>\n<p>O Minist\u00e9rio do Trabalho e Emprego publicou a Portaria MTE n\u00ba 737\/2026, que aprova a nova reda\u00e7\u00e3o da NR-10, norma que trata da seguran\u00e7a em servi\u00e7os com energia el\u00e9trica. A regra integra os riscos el\u00e9tricos ao GRO (Gerenciamento de Riscos Ocupacionais). O texto entra em vigor em 1\u00ba de junho de 2027, com prazo estendido at\u00e9 1\u00ba de junho de 2028 para adequa\u00e7\u00e3o aos requisitos de instala\u00e7\u00e3o de dispositivos diferenciais residuais (DDR) em \u00e1reas molhadas de edifica\u00e7\u00f5es n\u00e3o residenciais j\u00e1 existentes.<\/p>\n<p>Entre as principais mudan\u00e7as est\u00e3o o refor\u00e7o da desenergiza\u00e7\u00e3o como medida priorit\u00e1ria de preven\u00e7\u00e3o, a inclus\u00e3o de requisitos mais claros para o tratamento do risco de arco el\u00e9trico, a atualiza\u00e7\u00e3o dos treinamentos e a reorganiza\u00e7\u00e3o da norma para reduzir interpreta\u00e7\u00f5es divergentes.<\/p>\n<p>A nova estrutura tamb\u00e9m refor\u00e7a a hierarquia de controles, priorizando a elimina\u00e7\u00e3o do perigo antes da ado\u00e7\u00e3o de medidas coletivas, administrativas e do uso de EPIs. O objetivo \u00e9 controlar o risco na fonte, e n\u00e3o apenas proteger o trabalhador da sua exposi\u00e7\u00e3o.<\/p>\n<p>O que muda com a nova NR-10:<\/p>\n<p><strong>Preven\u00e7\u00e3o:<\/strong>\u00a0A desenergiza\u00e7\u00e3o (desligar a energia) passa a ser a medida obrigat\u00f3ria de controle priorit\u00e1ria.<\/p>\n<p><strong>Riscos de Arco El\u00e9trico:<\/strong>\u00a0A norma inclui regras claras para evitar explos\u00f5es e queimaduras severas causadas por falhas el\u00e9tricas no ar.<\/p>\n<p><strong>Alinhamento ao GRO:<\/strong>\u00a0Exige que os riscos el\u00e9tricos fa\u00e7am parte do Programa de Gerenciamento de Riscos (PGR) da empresa.<\/p>\n<p><strong>Como se adequar at\u00e9 junho de 2027<\/strong><\/p>\n<p><strong>Treinamento:<\/strong>\u00a0Revise a capacita\u00e7\u00e3o de seus eletricistas para alinhar com os novos requisitos t\u00e9cnicos.<\/p>\n<p><strong>Equipamentos:<\/strong>\u00a0Confira se os EPIs (Equipamentos de Prote\u00e7\u00e3o Individual) e EPCs (Equipamentos de Prote\u00e7\u00e3o Coletiva) protegem contra arco el\u00e9trico.<\/p>\n<p><strong>Documenta\u00e7\u00e3o:<\/strong>\u00a0Atualize o PIE (Prontu\u00e1rio de Instala\u00e7\u00f5es El\u00e9tricas) no PGR da empresa.<\/p>\n<p><em>**Texto: Seconci-SP<\/em><\/p>\n<p>The post <a href=\"https:\/\/cbic.org.br\/seconci-sp-governo-atualiza-a-nr-10-sobre-riscos-eletricos\/\">Seconci-SP: governo atualiza a NR 10 sobre riscos el\u00e9tricos<\/a> appeared first on <a href=\"https:\/\/cbic.org.br\/\">CBIC \u2013 C\u00e2mara Brasileira da Industria da Constru\u00e7\u00e3o<\/a>.<\/p>","protected":false},"excerpt":{"rendered":"<p>O Minist\u00e9rio do Trabalho e Emprego publicou a Portaria MTE n\u00ba 737\/2026, que aprova a nova reda\u00e7\u00e3o da NR-10, norma que trata da seguran\u00e7a em servi\u00e7os com energia el\u00e9trica. A regra integra os riscos el\u00e9tricos ao GRO (Gerenciamento de Riscos Ocupacionais). O texto entra em&#8230;<\/p>\n","protected":false},"author":2,"featured_media":16708,"comment_status":"open","ping_status":"open","sticky":false,"template":"","format":"standard","meta":{"footnotes":""},"categories":[70],"tags":[],"class_list":["post-16707","post","type-post","status-publish","format-standard","has-post-thumbnail","hentry","category-mercado-imobiliario"],"_links":{"self":[{"href":"https:\/\/www.jpasini.com.br\/site\/wp-json\/wp\/v2\/posts\/16707","targetHints":{"allow":["GET"]}}],"collection":[{"href":"https:\/\/www.jpasini.com.br\/site\/wp-json\/wp\/v2\/posts"}],"about":[{"href":"https:\/\/www.jpasini.com.br\/site\/wp-json\/wp\/v2\/types\/post"}],"author":[{"embeddable":true,"href":"https:\/\/www.jpasini.com.br\/site\/wp-json\/wp\/v2\/users\/2"}],"replies":[{"embeddable":true,"href":"https:\/\/www.jpasini.com.br\/site\/wp-json\/wp\/v2\/comments?post=16707"}],"version-history":[{"count":0,"href":"https:\/\/www.jpasini.com.br\/site\/wp-json\/wp\/v2\/posts\/16707\/revisions"}],"wp:featuredmedia":[{"embeddable":true,"href":"https:\/\/www.jpasini.com.br\/site\/wp-json\/wp\/v2\/media\/16708"}],"wp:attachment":[{"href":"https:\/\/www.jpasini.com.br\/site\/wp-json\/wp\/v2\/media?parent=16707"}],"wp:term":[{"taxonomy":"category","embeddable":true,"href":"https:\/\/www.jpasini.com.br\/site\/wp-json\/wp\/v2\/categories?post=16707"},{"taxonomy":"post_tag","embeddable":true,"href":"https:\/\/www.jpasini.com.br\/site\/wp-json\/wp\/v2\/tags?post=16707"}],"curies":[{"name":"wp","href":"https:\/\/api.w.org\/{rel}","templated":true}]}}