{"id":16455,"date":"2026-06-09T16:33:00","date_gmt":"2026-06-09T19:33:00","guid":{"rendered":"https:\/\/www.jpasini.com.br\/site\/cbic-promove-agenda-estrategica-com-debates-sobre-mercado-imobiliario-habitacao-e-cenario-politico-nesta-semana\/"},"modified":"2026-06-09T16:33:00","modified_gmt":"2026-06-09T19:33:00","slug":"cbic-promove-agenda-estrategica-com-debates-sobre-mercado-imobiliario-habitacao-e-cenario-politico-nesta-semana","status":"publish","type":"post","link":"https:\/\/www.jpasini.com.br\/site\/cbic-promove-agenda-estrategica-com-debates-sobre-mercado-imobiliario-habitacao-e-cenario-politico-nesta-semana\/","title":{"rendered":"CBIC promove agenda estrat\u00e9gica com debates sobre mercado imobili\u00e1rio, habita\u00e7\u00e3o e cen\u00e1rio pol\u00edtico nesta semana"},"content":{"rendered":"<p><img decoding=\"async\" src=\"https:\/\/cbic.org.br\/wp-content\/uploads\/2026\/06\/55279449163e565634e71k.jpg\" class=\"attachment-post-thumbnail size-post-thumbnail wp-post-image\" alt=\"\" \/><\/p>\n<p><span>A C\u00e2mara Brasileira da Ind\u00fastria da Constru\u00e7\u00e3o (CBIC) realiza, nesta quarta (10) e quinta-feira (11), uma s\u00e9rie de encontros voltados \u00e0 discuss\u00e3o de temas priorit\u00e1rios para o setor da constru\u00e7\u00e3o e do mercado imobili\u00e1rio. A programa\u00e7\u00e3o re\u00fane empres\u00e1rios, lideran\u00e7as setoriais, especialistas e representantes do poder p\u00fablico para debater financiamento habitacional, ambiente legislativo, cen\u00e1rio pol\u00edtico e perspectivas para a habita\u00e7\u00e3o de interesse social.<\/span><\/p>\n<p><span>Na quarta-feira (10), a agenda come\u00e7a com a <\/span><b>Rodada de Neg\u00f3cios do Mercado Imobili\u00e1rio<\/b><span>, promovida pela Comiss\u00e3o da Ind\u00fastria Imobili\u00e1ria (CII) da CBIC. O encontro vai discutir temas estrat\u00e9gicos relacionados ao financiamento da habita\u00e7\u00e3o, \u00e0 reforma tribut\u00e1ria, ao ambiente legislativo e \u00e0s perspectivas do mercado imobili\u00e1rio brasileiro. Tamb\u00e9m est\u00e3o previstas an\u00e1lises sobre as principais fontes de recursos para o setor, como o Sistema Brasileiro de Poupan\u00e7a e Empr\u00e9stimo (SBPE), o Fundo de Garantia do Tempo de Servi\u00e7o (FGTS) e o programa Minha Casa, Minha Vida (MCMV), considerados fundamentais para a sustenta\u00e7\u00e3o da produ\u00e7\u00e3o habitacional e do acesso \u00e0 moradia.<\/span><\/p>\n<p><span>Ainda na quarta-feira, a entidade realiza a reuni\u00e3o do seu <\/span><b>Conselho de Administra\u00e7\u00e3o<\/b><span>, que ter\u00e1 entre os destaques a apresenta\u00e7\u00e3o dos desdobramentos da proposta de redu\u00e7\u00e3o da jornada de trabalho, conhecida como PEC da escala 6&#215;1. A pauta tamb\u00e9m prev\u00ea uma apresenta\u00e7\u00e3o institucional da Caixa Econ\u00f4mica Federal sobre FGTS e FINEP, com participa\u00e7\u00e3o prevista do Diretor Executivo dos Fundos de Governo e FGTS, Rodrigo Hori. O cientista pol\u00edtico Leonardo Barreto tamb\u00e9m far\u00e1 uma an\u00e1lise sobre o cen\u00e1rio pol\u00edtico nacional e seus impactos para o ambiente de neg\u00f3cios.<\/span><\/p>\n<p><span>Na quinta-feira (11), a sede da CBIC, em Bras\u00edlia, recebe a <\/span><b>3\u00aa Rodada de Neg\u00f3cios da Habita\u00e7\u00e3o de 2026<\/b><span>, promovida pela Comiss\u00e3o de Habita\u00e7\u00e3o de Interesse Social (CHIS). O encontro reunir\u00e1 representantes do setor para discutir temas relacionados ao financiamento habitacional, aos programas de habita\u00e7\u00e3o de interesse social, aos custos da constru\u00e7\u00e3o e \u00e0s estrat\u00e9gias para ampliar o acesso \u00e0 moradia no pa\u00eds.<\/span><\/p>\n<p><span>A programa\u00e7\u00e3o inclui debates sobre a execu\u00e7\u00e3o or\u00e7ament\u00e1ria dos recursos do FGTS e do Fundo de Arrendamento Residencial (FAR), al\u00e9m da an\u00e1lise de propostas legislativas que podem impactar o financiamento da habita\u00e7\u00e3o popular. O encontro tamb\u00e9m abordar\u00e1 os desafios relacionados aos custos da constru\u00e7\u00e3o e \u00e0s condi\u00e7\u00f5es necess\u00e1rias para garantir a continuidade dos investimentos em moradia de interesse social.<\/span><\/p>\n<p>The post <a href=\"https:\/\/cbic.org.br\/107591-2\/\">CBIC promove agenda estrat\u00e9gica com debates sobre mercado imobili\u00e1rio, habita\u00e7\u00e3o e cen\u00e1rio pol\u00edtico nesta semana<\/a> appeared first on <a href=\"https:\/\/cbic.org.br\/\">CBIC \u2013 C\u00e2mara Brasileira da Industria da Constru\u00e7\u00e3o<\/a>.<\/p>","protected":false},"excerpt":{"rendered":"<p>A C\u00e2mara Brasileira da Ind\u00fastria da Constru\u00e7\u00e3o (CBIC) realiza, nesta quarta (10) e quinta-feira (11), uma s\u00e9rie de encontros voltados \u00e0 discuss\u00e3o de temas priorit\u00e1rios para o setor da constru\u00e7\u00e3o e do mercado imobili\u00e1rio. A programa\u00e7\u00e3o re\u00fane empres\u00e1rios, lideran\u00e7as setoriais, especialistas e representantes do poder&#8230;<\/p>\n","protected":false},"author":2,"featured_media":16456,"comment_status":"open","ping_status":"open","sticky":false,"template":"","format":"standard","meta":{"footnotes":""},"categories":[70],"tags":[],"class_list":["post-16455","post","type-post","status-publish","format-standard","has-post-thumbnail","hentry","category-mercado-imobiliario"],"_links":{"self":[{"href":"https:\/\/www.jpasini.com.br\/site\/wp-json\/wp\/v2\/posts\/16455","targetHints":{"allow":["GET"]}}],"collection":[{"href":"https:\/\/www.jpasini.com.br\/site\/wp-json\/wp\/v2\/posts"}],"about":[{"href":"https:\/\/www.jpasini.com.br\/site\/wp-json\/wp\/v2\/types\/post"}],"author":[{"embeddable":true,"href":"https:\/\/www.jpasini.com.br\/site\/wp-json\/wp\/v2\/users\/2"}],"replies":[{"embeddable":true,"href":"https:\/\/www.jpasini.com.br\/site\/wp-json\/wp\/v2\/comments?post=16455"}],"version-history":[{"count":0,"href":"https:\/\/www.jpasini.com.br\/site\/wp-json\/wp\/v2\/posts\/16455\/revisions"}],"wp:featuredmedia":[{"embeddable":true,"href":"https:\/\/www.jpasini.com.br\/site\/wp-json\/wp\/v2\/media\/16456"}],"wp:attachment":[{"href":"https:\/\/www.jpasini.com.br\/site\/wp-json\/wp\/v2\/media?parent=16455"}],"wp:term":[{"taxonomy":"category","embeddable":true,"href":"https:\/\/www.jpasini.com.br\/site\/wp-json\/wp\/v2\/categories?post=16455"},{"taxonomy":"post_tag","embeddable":true,"href":"https:\/\/www.jpasini.com.br\/site\/wp-json\/wp\/v2\/tags?post=16455"}],"curies":[{"name":"wp","href":"https:\/\/api.w.org\/{rel}","templated":true}]}}