{"id":16445,"date":"2026-06-08T16:32:08","date_gmt":"2026-06-08T19:32:08","guid":{"rendered":"https:\/\/www.jpasini.com.br\/site\/radar-trabalhista-mudancas-na-nr-1-entram-em-vigor\/"},"modified":"2026-06-08T16:32:08","modified_gmt":"2026-06-08T19:32:08","slug":"radar-trabalhista-mudancas-na-nr-1-entram-em-vigor","status":"publish","type":"post","link":"https:\/\/www.jpasini.com.br\/site\/radar-trabalhista-mudancas-na-nr-1-entram-em-vigor\/","title":{"rendered":"Radar Trabalhista: Mudan\u00e7as na NR-1 entram em vigor"},"content":{"rendered":"<p><img decoding=\"async\" src=\"https:\/\/cbic.org.br\/wp-content\/uploads\/2026\/05\/radar-trabalhista-2026.jpeg\" class=\"attachment-post-thumbnail size-post-thumbnail wp-post-image\" alt=\"\" \/><\/p>\n<p>A NR-1 trata das diretrizes gerais de sa\u00fade e seguran\u00e7a no trabalho e teve atualiza\u00e7\u00e3o para tratar de quest\u00f5es espec\u00edficas da sa\u00fade mental de trabalhadores. Apesar de entrar em vigor amanh\u00e3 (26), por 3 meses valer\u00e1 o crit\u00e9rio da dupla visita, sendo que a primeira delas ocorre apenas para orienta\u00e7\u00e3o, sem san\u00e7\u00f5es administrativas. Em casos espec\u00edficos e mais graves, a multa pode acontecer.<\/p>\n<p>A nova regra estava prevista para valer em maio de 2025. Ap\u00f3s press\u00e3o de empresas e sindicatos patronais, o governo decidiu adiar a entrada em vigor por um ano. Agora, diante de novos pedidos de prorroga\u00e7\u00e3o, o ministro do Trabalho, Luiz Marinho, afirmou que n\u00e3o pretende realizar mais um adiamento.<\/p>\n<p>O que muda na pr\u00e1tica com a atualiza\u00e7\u00e3o da NR\u20111?<\/p>\n<p>A principal mudan\u00e7a com a atualiza\u00e7\u00e3o da NR-1 \u00e9 que os chamados riscos psicossociais \u2014 ligados \u00e0 forma como o trabalho \u00e9 organizado \u2014 passam a integrar o gerenciamento de riscos ocupacionais das empresas, ao lado de riscos f\u00edsicos, qu\u00edmicos, biol\u00f3gicos e de acidentes.<\/p>\n<p>Na pr\u00e1tica, situa\u00e7\u00f5es como metas abusivas, jornadas exaustivas, ass\u00e9dio moral ou sexual, press\u00e3o excessiva, conflitos interpessoais, falta de autonomia e falhas de gest\u00e3o entram oficialmente no radar da fiscaliza\u00e7\u00e3o.<\/p>\n<p>Para saber mais sobre essa e outras not\u00edcias relacionadas \u00e0 \u00e1rea trabalhista, al\u00e9m de uma sele\u00e7\u00e3o de decis\u00f5es publicadas por Tribunais Superiores, Executivo, Minist\u00e9rio P\u00fablico do Trabalho e Sindicato Nacional dos Auditores Fiscais do Trabalho, acesse o <a href=\"https:\/\/cbic.org.br\/?attachment_id=107558\" rel=\"attachment wp-att-107558\">Radar Trabalhista 460\/2026<\/a> da C\u00e2mara Brasileira da Ind\u00fastria da Constru\u00e7\u00e3o (CBIC) de 25\/05 \u00e0 30\/05\/2026.<\/p>\n<p><a href=\"https:\/\/cbic.org.br\/relacoestrabalhistas\/radar-trabalhista\/\"><strong>Confira a galeria com todas as edi\u00e7\u00f5es do Radar Trabalhista.<\/strong><\/a><\/p>\n<p>O tema tem interface com o projeto \u201cMonitoramento de dados de Sa\u00fade e Seguran\u00e7a no Trabalho e Rela\u00e7\u00f5es Trabalhistas e iniciativas de preven\u00e7\u00e3o de acidentes e valoriza\u00e7\u00e3o do trabalhador\u201d, da Comiss\u00e3o de Pol\u00edtica de Rela\u00e7\u00f5es Trabalhistas (CPRT) da CBIC, em parceria com o Servi\u00e7o Social da Ind\u00fastria (SESI).<\/p>\n<p>The post <a href=\"https:\/\/cbic.org.br\/radar-trabalhista-mudancas-na-nr-1-entram-em-vigor\/\">Radar Trabalhista: Mudan\u00e7as na NR-1 entram em vigor<\/a> appeared first on <a href=\"https:\/\/cbic.org.br\/\">CBIC \u2013 C\u00e2mara Brasileira da Industria da Constru\u00e7\u00e3o<\/a>.<\/p>","protected":false},"excerpt":{"rendered":"<p>A NR-1 trata das diretrizes gerais de sa\u00fade e seguran\u00e7a no trabalho e teve atualiza\u00e7\u00e3o para tratar de quest\u00f5es espec\u00edficas da sa\u00fade mental de trabalhadores. Apesar de entrar em vigor amanh\u00e3 (26), por 3 meses valer\u00e1 o crit\u00e9rio da dupla visita, sendo que a primeira&#8230;<\/p>\n","protected":false},"author":2,"featured_media":16446,"comment_status":"open","ping_status":"open","sticky":false,"template":"","format":"standard","meta":{"footnotes":""},"categories":[70],"tags":[],"class_list":["post-16445","post","type-post","status-publish","format-standard","has-post-thumbnail","hentry","category-mercado-imobiliario"],"_links":{"self":[{"href":"https:\/\/www.jpasini.com.br\/site\/wp-json\/wp\/v2\/posts\/16445","targetHints":{"allow":["GET"]}}],"collection":[{"href":"https:\/\/www.jpasini.com.br\/site\/wp-json\/wp\/v2\/posts"}],"about":[{"href":"https:\/\/www.jpasini.com.br\/site\/wp-json\/wp\/v2\/types\/post"}],"author":[{"embeddable":true,"href":"https:\/\/www.jpasini.com.br\/site\/wp-json\/wp\/v2\/users\/2"}],"replies":[{"embeddable":true,"href":"https:\/\/www.jpasini.com.br\/site\/wp-json\/wp\/v2\/comments?post=16445"}],"version-history":[{"count":0,"href":"https:\/\/www.jpasini.com.br\/site\/wp-json\/wp\/v2\/posts\/16445\/revisions"}],"wp:featuredmedia":[{"embeddable":true,"href":"https:\/\/www.jpasini.com.br\/site\/wp-json\/wp\/v2\/media\/16446"}],"wp:attachment":[{"href":"https:\/\/www.jpasini.com.br\/site\/wp-json\/wp\/v2\/media?parent=16445"}],"wp:term":[{"taxonomy":"category","embeddable":true,"href":"https:\/\/www.jpasini.com.br\/site\/wp-json\/wp\/v2\/categories?post=16445"},{"taxonomy":"post_tag","embeddable":true,"href":"https:\/\/www.jpasini.com.br\/site\/wp-json\/wp\/v2\/tags?post=16445"}],"curies":[{"name":"wp","href":"https:\/\/api.w.org\/{rel}","templated":true}]}}