{"id":16415,"date":"2026-05-27T17:12:47","date_gmt":"2026-05-27T20:12:47","guid":{"rendered":"https:\/\/www.jpasini.com.br\/site\/firjan-anuncia-medidas-para-impulsionar-o-crescimento-do-setor\/"},"modified":"2026-05-27T17:12:47","modified_gmt":"2026-05-27T20:12:47","slug":"firjan-anuncia-medidas-para-impulsionar-o-crescimento-do-setor","status":"publish","type":"post","link":"https:\/\/www.jpasini.com.br\/site\/firjan-anuncia-medidas-para-impulsionar-o-crescimento-do-setor\/","title":{"rendered":"Firjan anuncia medidas para impulsionar o crescimento do setor"},"content":{"rendered":"<p><img decoding=\"async\" src=\"https:\/\/cbic.org.br\/wp-content\/uploads\/2026\/05\/presidente-da-firjan-luiz-cesio-caetano-em-discurso-no-evento-em-comemoracao-ao-dia-da-industria-credito-foto-paula-johas-firjan-scaled.jpg\" class=\"attachment-post-thumbnail size-post-thumbnail wp-post-image\" alt=\"\" \/><\/p>\n<p><span data-olk-copy-source=\"MessageBody\">A\u00a0Federa\u00e7\u00e3o das Ind\u00fastrias do Estado do Rio de Janeiro (Firjan)\u00a0comemorou o\u00a0Dia da Ind\u00fastria (25\/5)\u00a0reunindo mais de 320 convidados de todo o estado para celebrar as conquistas da institui\u00e7\u00e3o e anunciar medidas voltadas a alavancar o desenvolvimento econ\u00f4mico do Rio de Janeiro. A abertura foi realizada pelo\u00a0presidente Luiz C\u00e9sio Caetano, que reafirmou o papel propositivo da federa\u00e7\u00e3o para o desenvolvimento econ\u00f4mico do Rio de Janeiro e do Brasil.<\/span><\/p>\n<p>&#8220;Nosso tradicional evento na sede da federa\u00e7\u00e3o refor\u00e7a o compromisso hist\u00f3rico com o desenvolvimento do nosso estado e do pa\u00eds.\u00a0Tornar esse dia ainda mais especial com a\u00e7\u00f5es concretas \u00e9 o que nos move. Por isso, abrimos a agenda deste 25 de maio de 2026 com o\u00a0<a class=\"x_x_x_x_x_OWAAutoLink\" title=\"https:\/\/protect.checkpoint.com\/v2\/r01\/___https:\/\/nam02.safelinks.protection.outlook.com\/?url=https%3A%2F%2Ffirjan.com.br%2Fnoticias%2Fentraves-estruturais-geram-custo-adicional-de-r-275-bilhoes-as-empresas-fluminenses-aponta-firjan-8AE482869E41347A019E5ED1447B3F32-00.htm%3F%26IdEditoriaPrincipal%3D4028818B46DE6FAB0146DEB10D2439F2&amp;data=05%7C02%7Cassecom%40firjan.com.br%7Cbb461a6c72a24eb1d8dc08debaa58d54%7Cd0c698d4e4ea4ee9a79df2d7a78399c8%7C0%7C0%7C639153417588614736%7CUnknown%7CTWFpbGZsb3d8eyJFbXB0eU1hcGkiOnRydWUsIlYiOiIwLjAuMDAwMCIsIlAiOiJXaW4zMiIsIkFOIjoiTWFpbCIsIldUIjoyfQ%3D%3D%7C0%7C%7C%7C&amp;sdata=ov0aHuem8zGFtk9GWuf7h2iDzi81HEjjtHn%2F3dyJ4i8%3D&amp;reserved=0___.YzJ1OmZpcmphbjE6YzpvOjkxNTBjYWM4MGFmYmIxMmIwZDg0OTM1N2ZhZWQ3ZjRhOjc6ZmI5ODphMWE1Nzg4ZjE3MmExMDFjNGZmY2YxNjBhYmE0NWU2OTkxN2I2ZTcyNWU1Zjg4MmQxMmYxYjE4YTQ4MGQyZjk3Omg6RjpG\" href=\"https:\/\/protect.checkpoint.com\/v2\/r01\/___https:\/\/nam02.safelinks.protection.outlook.com\/?url=https%3A%2F%2Ffirjan.com.br%2Fnoticias%2Fentraves-estruturais-geram-custo-adicional-de-r-275-bilhoes-as-empresas-fluminenses-aponta-firjan-8AE482869E41347A019E5ED1447B3F32-00.htm%3F%26IdEditoriaPrincipal%3D4028818B46DE6FAB0146DEB10D2439F2&amp;data=05%7C02%7Cassecom%40firjan.com.br%7Cbb461a6c72a24eb1d8dc08debaa58d54%7Cd0c698d4e4ea4ee9a79df2d7a78399c8%7C0%7C0%7C639153417588614736%7CUnknown%7CTWFpbGZsb3d8eyJFbXB0eU1hcGkiOnRydWUsIlYiOiIwLjAuMDAwMCIsIlAiOiJXaW4zMiIsIkFOIjoiTWFpbCIsIldUIjoyfQ%3D%3D%7C0%7C%7C%7C&amp;sdata=ov0aHuem8zGFtk9GWuf7h2iDzi81HEjjtHn%2F3dyJ4i8%3D&amp;reserved=0___.YzJ1OmZpcmphbjE6YzpvOjkxNTBjYWM4MGFmYmIxMmIwZDg0OTM1N2ZhZWQ3ZjRhOjc6ZmI5ODphMWE1Nzg4ZjE3MmExMDFjNGZmY2YxNjBhYmE0NWU2OTkxN2I2ZTcyNWU1Zjg4MmQxMmYxYjE4YTQ4MGQyZjk3Omg6RjpG\" target=\"_blank\" rel=\"noopener noreferrer\" data-auth=\"NotApplicable\" data-linkindex=\"0\">lan\u00e7amento do estudo Custo Rio<\/a>, que revela o peso invis\u00edvel que reduz a competitividade de quem produz em nosso no estado do Rio. S\u00e3o R$ 274,8 bilh\u00f5es a mais por ano, o que equivale a 20% do PIB fluminense&#8221;, pontou Caetano.<\/p>\n<p>Outra novidade apresentada foi o\u00a0<a class=\"x_x_x_x_x_OWAAutoLink\" title=\"https:\/\/protect.checkpoint.com\/v2\/r01\/___https:\/\/nam02.safelinks.protection.outlook.com\/?url=https%3A%2F%2Fescritoriodecarreira.firjan.com.br%2F&amp;data=05%7C02%7Cassecom%40firjan.com.br%7Cbb461a6c72a24eb1d8dc08debaa58d54%7Cd0c698d4e4ea4ee9a79df2d7a78399c8%7C0%7C0%7C639153417588676901%7CUnknown%7CTWFpbGZsb3d8eyJFbXB0eU1hcGkiOnRydWUsIlYiOiIwLjAuMDAwMCIsIlAiOiJXaW4zMiIsIkFOIjoiTWFpbCIsIldUIjoyfQ%3D%3D%7C0%7C%7C%7C&amp;sdata=rx6insn9QSmVbf69IJouno5lcxsjAxRxmEz4B%2FDbs5A%3D&amp;reserved=0___.YzJ1OmZpcmphbjE6YzpvOjkxNTBjYWM4MGFmYmIxMmIwZDg0OTM1N2ZhZWQ3ZjRhOjc6MTM2ZDo4OGY3NTFiYWVmNzczZTEwNDcwZWM4NWFjZWJhMTY2MGY0NjI0N2Y2MjEzYjNjMjkxZGU2NWYwMDU0YjRhZTFiOmg6RjpG\" href=\"https:\/\/protect.checkpoint.com\/v2\/r01\/___https:\/\/nam02.safelinks.protection.outlook.com\/?url=https%3A%2F%2Fescritoriodecarreira.firjan.com.br%2F&amp;data=05%7C02%7Cassecom%40firjan.com.br%7Cbb461a6c72a24eb1d8dc08debaa58d54%7Cd0c698d4e4ea4ee9a79df2d7a78399c8%7C0%7C0%7C639153417588676901%7CUnknown%7CTWFpbGZsb3d8eyJFbXB0eU1hcGkiOnRydWUsIlYiOiIwLjAuMDAwMCIsIlAiOiJXaW4zMiIsIkFOIjoiTWFpbCIsIldUIjoyfQ%3D%3D%7C0%7C%7C%7C&amp;sdata=rx6insn9QSmVbf69IJouno5lcxsjAxRxmEz4B%2FDbs5A%3D&amp;reserved=0___.YzJ1OmZpcmphbjE6YzpvOjkxNTBjYWM4MGFmYmIxMmIwZDg0OTM1N2ZhZWQ3ZjRhOjc6MTM2ZDo4OGY3NTFiYWVmNzczZTEwNDcwZWM4NWFjZWJhMTY2MGY0NjI0N2Y2MjEzYjNjMjkxZGU2NWYwMDU0YjRhZTFiOmg6RjpG\" target=\"_blank\" rel=\"noopener noreferrer\" data-auth=\"NotApplicable\" data-linkindex=\"1\">\u201cEscrit\u00f3rio de Carreira\u201d<\/a>, uma iniciativa criada para conectar alunos egressos da Firjan SENAI SESI a oportunidades profissionais no mercado. Luiz C\u00e9sio Caetano ressaltou que o projeto representa a entrega de profissionais mais capacitados e qualificados para as ind\u00fastrias, o que se traduz em um diferencial inestim\u00e1vel para o aumento da competitividade. O presidente tamb\u00e9m projetou o crescimento das atividades educacionais, destacando que, em 2026, as institui\u00e7\u00f5es alcan\u00e7ar\u00e3o o maior volume de horas de aulas ministradas de sua hist\u00f3ria. Ser\u00e3o mais de 160 mil alunos atendidos, representando quase 50 milh\u00f5es de horas-aluno em educa\u00e7\u00e3o b\u00e1sica e profissional.<\/p>\n<p>Outro servi\u00e7o lan\u00e7ado no evento foi o\u00a0<a class=\"x_x_x_x_x_OWAAutoLink\" title=\"https:\/\/protect.checkpoint.com\/v2\/r01\/___https:\/\/nam02.safelinks.protection.outlook.com\/?url=https%3A%2F%2Ffirjan.com.br%2Findustriamaisparceira.htm&amp;data=05%7C02%7Cassecom%40firjan.com.br%7Cbb461a6c72a24eb1d8dc08debaa58d54%7Cd0c698d4e4ea4ee9a79df2d7a78399c8%7C0%7C0%7C639153417588714304%7CUnknown%7CTWFpbGZsb3d8eyJFbXB0eU1hcGkiOnRydWUsIlYiOiIwLjAuMDAwMCIsIlAiOiJXaW4zMiIsIkFOIjoiTWFpbCIsIldUIjoyfQ%3D%3D%7C0%7C%7C%7C&amp;sdata=CHZk2Sd%2FwbnaAtXC9YkCm3uHzDNANQ2YeZ4usCZ52AY%3D&amp;reserved=0___.YzJ1OmZpcmphbjE6YzpvOjkxNTBjYWM4MGFmYmIxMmIwZDg0OTM1N2ZhZWQ3ZjRhOjc6MzE5Yjo4MTBiNGU1Yjk5Yjc4MjkyYzIyYzJlMTAyYjhhYzJkYjkxNjdjYzU5NmVmNWIzZjdiMDQyYjIyZjMwOGMxNjhhOmg6RjpG\" href=\"https:\/\/protect.checkpoint.com\/v2\/r01\/___https:\/\/nam02.safelinks.protection.outlook.com\/?url=https%3A%2F%2Ffirjan.com.br%2Findustriamaisparceira.htm&amp;data=05%7C02%7Cassecom%40firjan.com.br%7Cbb461a6c72a24eb1d8dc08debaa58d54%7Cd0c698d4e4ea4ee9a79df2d7a78399c8%7C0%7C0%7C639153417588714304%7CUnknown%7CTWFpbGZsb3d8eyJFbXB0eU1hcGkiOnRydWUsIlYiOiIwLjAuMDAwMCIsIlAiOiJXaW4zMiIsIkFOIjoiTWFpbCIsIldUIjoyfQ%3D%3D%7C0%7C%7C%7C&amp;sdata=CHZk2Sd%2FwbnaAtXC9YkCm3uHzDNANQ2YeZ4usCZ52AY%3D&amp;reserved=0___.YzJ1OmZpcmphbjE6YzpvOjkxNTBjYWM4MGFmYmIxMmIwZDg0OTM1N2ZhZWQ3ZjRhOjc6MzE5Yjo4MTBiNGU1Yjk5Yjc4MjkyYzIyYzJlMTAyYjhhYzJkYjkxNjdjYzU5NmVmNWIzZjdiMDQyYjIyZjMwOGMxNjhhOmg6RjpG\" target=\"_blank\" rel=\"noopener noreferrer\" data-auth=\"NotApplicable\" data-linkindex=\"2\">\u201cInd\u00fastria Mais Parceira\u201d<\/a>, tamb\u00e9m desenvolvido pela Firjan SENAI SESI. Trata-se de um modelo estruturado de gest\u00e3o de parcerias n\u00e3o financeiras, totalmente baseadas em coopera\u00e7\u00e3o t\u00e9cnica, doa\u00e7\u00f5es, patroc\u00ednios reversos e desenvolvimento de projetos conjuntos.<\/p>\n<p>O\u00a0<a class=\"x_x_x_x_x_OWAAutoLink\" title=\"https:\/\/protect.checkpoint.com\/v2\/r01\/___https:\/\/nam02.safelinks.protection.outlook.com\/?url=https%3A%2F%2Ffirjan.com.br%2Fsesi%2Fsesi-saude%2Fsaude-para-pequena-industria.htm&amp;data=05%7C02%7Cassecom%40firjan.com.br%7Cbb461a6c72a24eb1d8dc08debaa58d54%7Cd0c698d4e4ea4ee9a79df2d7a78399c8%7C0%7C0%7C639153417588750224%7CUnknown%7CTWFpbGZsb3d8eyJFbXB0eU1hcGkiOnRydWUsIlYiOiIwLjAuMDAwMCIsIlAiOiJXaW4zMiIsIkFOIjoiTWFpbCIsIldUIjoyfQ%3D%3D%7C0%7C%7C%7C&amp;sdata=5UdjRsFcW0eIgF8M4iNXxBLPJaB%2FtlDtdgLruRxwU78%3D&amp;reserved=0___.YzJ1OmZpcmphbjE6YzpvOjkxNTBjYWM4MGFmYmIxMmIwZDg0OTM1N2ZhZWQ3ZjRhOjc6ZWIzYToxMTk5MDQ3ODcwYzllNmMyOGVkZDFmOTlmNDVlMzUyN2FmYmJkNjM3NzM0YTYwYWNkYzgyZTYwZjI5YzI3YjA0Omg6RjpG\" href=\"https:\/\/protect.checkpoint.com\/v2\/r01\/___https:\/\/nam02.safelinks.protection.outlook.com\/?url=https%3A%2F%2Ffirjan.com.br%2Fsesi%2Fsesi-saude%2Fsaude-para-pequena-industria.htm&amp;data=05%7C02%7Cassecom%40firjan.com.br%7Cbb461a6c72a24eb1d8dc08debaa58d54%7Cd0c698d4e4ea4ee9a79df2d7a78399c8%7C0%7C0%7C639153417588750224%7CUnknown%7CTWFpbGZsb3d8eyJFbXB0eU1hcGkiOnRydWUsIlYiOiIwLjAuMDAwMCIsIlAiOiJXaW4zMiIsIkFOIjoiTWFpbCIsIldUIjoyfQ%3D%3D%7C0%7C%7C%7C&amp;sdata=5UdjRsFcW0eIgF8M4iNXxBLPJaB%2FtlDtdgLruRxwU78%3D&amp;reserved=0___.YzJ1OmZpcmphbjE6YzpvOjkxNTBjYWM4MGFmYmIxMmIwZDg0OTM1N2ZhZWQ3ZjRhOjc6ZWIzYToxMTk5MDQ3ODcwYzllNmMyOGVkZDFmOTlmNDVlMzUyN2FmYmJkNjM3NzM0YTYwYWNkYzgyZTYwZjI5YzI3YjA0Omg6RjpG\" target=\"_blank\" rel=\"noopener noreferrer\" data-auth=\"NotApplicable\" data-linkindex=\"3\">\u201cSa\u00fade para a Pequena Ind\u00fastria\u201d, da Firjan SESI<\/a>, contempla a realiza\u00e7\u00e3o gratuita do Programa de Controle M\u00e9dico de Sa\u00fade Ocupacional e do Programa de Gerenciamento de Riscos, para essas empresas de menor porte. \u201cComo j\u00e1 disse em mais de uma oportunidade, \u00e0s pequenas e m\u00e9dias ind\u00fastrias est\u00e3o entre as prioridades de minha gest\u00e3o\u201d, reafirmou o presidente.<\/p>\n<p>The post <a href=\"https:\/\/cbic.org.br\/firjan-anuncia-medidas-para-impulsionar-o-crescimento-do-setor\/\">Firjan anuncia medidas para impulsionar o crescimento do setor<\/a> appeared first on <a href=\"https:\/\/cbic.org.br\/\">CBIC \u2013 C\u00e2mara Brasileira da Industria da Constru\u00e7\u00e3o<\/a>.<\/p>","protected":false},"excerpt":{"rendered":"<p>A\u00a0Federa\u00e7\u00e3o das Ind\u00fastrias do Estado do Rio de Janeiro (Firjan)\u00a0comemorou o\u00a0Dia da Ind\u00fastria (25\/5)\u00a0reunindo mais de 320 convidados de todo o estado para celebrar as conquistas da institui\u00e7\u00e3o e anunciar medidas voltadas a alavancar o desenvolvimento econ\u00f4mico do Rio de Janeiro. A abertura foi realizada&#8230;<\/p>\n","protected":false},"author":2,"featured_media":16416,"comment_status":"open","ping_status":"open","sticky":false,"template":"","format":"standard","meta":{"footnotes":""},"categories":[70],"tags":[],"class_list":["post-16415","post","type-post","status-publish","format-standard","has-post-thumbnail","hentry","category-mercado-imobiliario"],"_links":{"self":[{"href":"https:\/\/www.jpasini.com.br\/site\/wp-json\/wp\/v2\/posts\/16415","targetHints":{"allow":["GET"]}}],"collection":[{"href":"https:\/\/www.jpasini.com.br\/site\/wp-json\/wp\/v2\/posts"}],"about":[{"href":"https:\/\/www.jpasini.com.br\/site\/wp-json\/wp\/v2\/types\/post"}],"author":[{"embeddable":true,"href":"https:\/\/www.jpasini.com.br\/site\/wp-json\/wp\/v2\/users\/2"}],"replies":[{"embeddable":true,"href":"https:\/\/www.jpasini.com.br\/site\/wp-json\/wp\/v2\/comments?post=16415"}],"version-history":[{"count":0,"href":"https:\/\/www.jpasini.com.br\/site\/wp-json\/wp\/v2\/posts\/16415\/revisions"}],"wp:featuredmedia":[{"embeddable":true,"href":"https:\/\/www.jpasini.com.br\/site\/wp-json\/wp\/v2\/media\/16416"}],"wp:attachment":[{"href":"https:\/\/www.jpasini.com.br\/site\/wp-json\/wp\/v2\/media?parent=16415"}],"wp:term":[{"taxonomy":"category","embeddable":true,"href":"https:\/\/www.jpasini.com.br\/site\/wp-json\/wp\/v2\/categories?post=16415"},{"taxonomy":"post_tag","embeddable":true,"href":"https:\/\/www.jpasini.com.br\/site\/wp-json\/wp\/v2\/tags?post=16415"}],"curies":[{"name":"wp","href":"https:\/\/api.w.org\/{rel}","templated":true}]}}